{"id":41889,"global_id":"adc.cat\/es\/?id=41889","global_id_lineage":["adc.cat\/es\/?id=41889"],"author":"2","status":"publish","date":"2024-01-29 12:00:08","date_utc":"2024-01-29 11:00:08","modified":"2024-02-05 13:31:19","modified_utc":"2024-02-05 12:31:19","url":"https:\/\/adc.cat\/es\/activitat\/taller-reclamacion-tratamiento-diabetes\/","rest_url":"https:\/\/adc.cat\/es\/wp-json\/tribe\/events\/v1\/events\/41889","title":"Taller: Como, Cuando y Por qu\u00e9 Hacer una Reclamaci\u00f3n sobre el tratamiento de la diabetes!","description":"<p>[et_pb_section][et_pb_row][et_pb_column type=\u00bb4_4&#8243;][et_pb_text]<\/p>\n<p>Es un placer invitaros a nuestro pr\u00f3ximo taller especial, centrado en como gestionar las raciones en d\u00edas especiales como los d\u00edas de enfermedad y cumplea\u00f1os. Esta sesi\u00f3n pr\u00e1ctica os proporcionar\u00e1 herramientas y estrategias para mantener un control \u00f3ptimo de vuestra dieta, incluso en momentos fuera de la rutina habitual.<\/p>\n<p><strong>\u00bfQu\u00e9 podemos esperar?<\/strong><\/p>\n<p><img decoding=\"async\" class=\"emoji\" role=\"img\" draggable=\"false\" src=\"https:\/\/s.w.org\/images\/core\/emoji\/14.0.0\/svg\/1f37d.svg\" alt=\"\ud83c\udf7d\ufe0f\" \/> <strong>Gesti\u00f3n Nutricional:<\/strong> Aprenderemos t\u00e9cnicas pr\u00e1cticas para contar raciones y adaptar nuestra dieta en situaciones especiales, como por ejemplo enfermedades o celebraciones.<br \/>\n<img decoding=\"async\" class=\"emoji\" role=\"img\" draggable=\"false\" src=\"https:\/\/s.w.org\/images\/core\/emoji\/14.0.0\/svg\/1f389.svg\" alt=\"\ud83c\udf89\" \/> <strong>Celebra con Salud:<\/strong> Descubriremos maneras de disfrutar de d\u00edas de cumplea\u00f1os y otros acontecimientos con opciones saludables, manteniendo el control de los niveles de az\u00facar.<br \/>\n<img decoding=\"async\" class=\"emoji\" role=\"img\" draggable=\"false\" src=\"https:\/\/s.w.org\/images\/core\/emoji\/14.0.0\/svg\/1f91d.svg\" alt=\"\ud83e\udd1d\" \/> <strong>Comunidad y Apoyo:<\/strong> Conecta con otros miembros de la comunidad con diabetes, comparte experiencias y encuentra apoyo mutuo en este viaje de gesti\u00f3n de la diabetes.<\/p>\n<p><strong>Datos del taller:<\/strong><\/p>\n<p><b>\ud83d\udccd \u00bfD\u00f3nde?\u00a0<\/b> A la delegaci\u00f3 ADC Anoia: Centre Civic Nord Igualada<\/p>\n<p>C\/ Sant Mart\u00ed de Tous, 6<\/p>\n<p><b>\ud83d\uddd3\ufe0f Dia<\/b>: Jueves 15 de febrero<\/p>\n<p><b>\ud83d\udd56 Hora<\/b>: a les 19.15 hores<\/p>\n<p><b>\ud83d\udde3\ufe0f Formadora<\/b>: Esther Maldonado, agent y formadora en diabetes.<\/p>\n<p>&nbsp;<\/p>\n<p><span class=\"d2edcug0 hpfvmrgz qv66sw1b c1et5uql lr9zc1uh a8c37x1j fe6kdd0r mau55g9w c8b282yb keod5gw0 nxhoafnm aigsh9s9 d3f4x2em iv3no6db jq4qci2q a3bd9o3v b1v8xokw oo9gr5id hzawbc8m\" dir=\"auto\"><span class=\"x193iq5w xeuugli x13faqbe x1vvkbs x1xmvt09 x1lliihq x1s928wv xhkezso x1gmr53x x1cpjm7i x1fgarty x1943h6x xudqn12 x3x7a5m x6prxxf xvq8zen xo1l8bm xzsf02u x1yc453h\" dir=\"auto\">Actividad abierta a todo el mundo<\/span>.<\/span><\/p>\n<p style=\"text-align: center;\"><a href='https:\/\/adc.playoffinformatica.com\/activitat\/344\/Com-Quan-i-Per-que-Fer-una-Reclamacio-sobre-el-tractament-de-la-diabetis\/' class='big-button bigblue' target=\"_blank\">Inscripci\u00f3<\/a><\/p>\n<p>\u00a0En caso de querer m\u00e1s informaci\u00f3n o necesitar anular, llama a 656 69 56 01 o manda mail a <a href=\"mailto:adc@adc.cat\">adcanoia@adc.cat <\/a>.<\/p>\n<p>\u00a1Gracias! <span class=\"d2edcug0 hpfvmrgz qv66sw1b c1et5uql lr9zc1uh a8c37x1j fe6kdd0r mau55g9w c8b282yb keod5gw0 nxhoafnm aigsh9s9 d3f4x2em iv3no6db jq4qci2q a3bd9o3v b1v8xokw oo9gr5id hzawbc8m\" dir=\"auto\">Organiza <strong>ADC L&#8217; Anoia<\/strong><\/span><\/p>\n<p>[\/et_pb_text][\/et_pb_column][\/et_pb_row][\/et_pb_section]<\/p>","excerpt":"<p> \ud83c\udf1f Taller: Como, Cuando y Por qu\u00e9 Hacer una Reclamaci\u00f3n sobre el tratamiento de la diabetes! \ud83c\udf1f<\/p>","slug":"taller-reclamacion-tratamiento-diabetes","image":{"url":"https:\/\/adc.cat\/wp-content\/uploads\/2024\/01\/web-cumple-scaled.jpg","id":41862,"extension":"jpg","width":2560,"height":1707,"filesize":254305,"sizes":{"medium":{"width":300,"height":200,"mime-type":"image\/jpeg","filesize":5685,"url":"https:\/\/adc.cat\/wp-content\/uploads\/2024\/01\/web-cumple-300x200.jpg"},"large":{"width":1024,"height":683,"mime-type":"image\/jpeg","filesize":46642,"url":"https:\/\/adc.cat\/wp-content\/uploads\/2024\/01\/web-cumple-1024x683.jpg"},"thumbnail":{"width":150,"height":150,"mime-type":"image\/jpeg","filesize":3029,"url":"https:\/\/adc.cat\/wp-content\/uploads\/2024\/01\/web-cumple-150x150.jpg"},"medium_large":{"width":768,"height":512,"mime-type":"image\/jpeg","filesize":27156,"url":"https:\/\/adc.cat\/wp-content\/uploads\/2024\/01\/web-cumple-768x512.jpg"},"1536x1536":{"width":1536,"height":1024,"mime-type":"image\/jpeg","filesize":98883,"url":"https:\/\/adc.cat\/wp-content\/uploads\/2024\/01\/web-cumple-1536x1024.jpg"},"2048x2048":{"width":2048,"height":1366,"mime-type":"image\/jpeg","filesize":170176,"url":"https:\/\/adc.cat\/wp-content\/uploads\/2024\/01\/web-cumple-2048x1366.jpg"},"et-pb-post-main-image":{"width":400,"height":250,"mime-type":"image\/jpeg","filesize":8697,"url":"https:\/\/adc.cat\/wp-content\/uploads\/2024\/01\/web-cumple-400x250.jpg"},"et-pb-post-main-image-fullwidth":{"width":1080,"height":675,"mime-type":"image\/jpeg","filesize":49730,"url":"https:\/\/adc.cat\/wp-content\/uploads\/2024\/01\/web-cumple-1080x675.jpg"},"et-pb-portfolio-image":{"width":400,"height":284,"mime-type":"image\/jpeg","filesize":9725,"url":"https:\/\/adc.cat\/wp-content\/uploads\/2024\/01\/web-cumple-400x284.jpg"},"et-pb-portfolio-module-image":{"width":510,"height":382,"mime-type":"image\/jpeg","filesize":15892,"url":"https:\/\/adc.cat\/wp-content\/uploads\/2024\/01\/web-cumple-510x382.jpg"},"et-pb-portfolio-image-single":{"width":1080,"height":720,"mime-type":"image\/jpeg","filesize":51291,"url":"https:\/\/adc.cat\/wp-content\/uploads\/2024\/01\/web-cumple-1080x720.jpg"},"et-pb-gallery-module-image-portrait":{"width":400,"height":516,"mime-type":"image\/jpeg","filesize":19154,"url":"https:\/\/adc.cat\/wp-content\/uploads\/2024\/01\/web-cumple-400x516.jpg"},"et-pb-post-main-image-fullwidth-large":{"width":2880,"height":1800,"mime-type":"image\/jpeg","filesize":298564,"url":"https:\/\/adc.cat\/wp-content\/uploads\/2024\/01\/web-cumple-2880x1800.jpg"},"et-pb-image--responsive--desktop":{"width":1280,"height":854,"mime-type":"image\/jpeg","filesize":71009,"url":"https:\/\/adc.cat\/wp-content\/uploads\/2024\/01\/web-cumple-1280x854.jpg"},"et-pb-image--responsive--tablet":{"width":980,"height":653,"mime-type":"image\/jpeg","filesize":43013,"url":"https:\/\/adc.cat\/wp-content\/uploads\/2024\/01\/web-cumple-980x653.jpg"},"et-pb-image--responsive--phone":{"width":480,"height":320,"mime-type":"image\/jpeg","filesize":12178,"url":"https:\/\/adc.cat\/wp-content\/uploads\/2024\/01\/web-cumple-480x320.jpg"}},"original_image":"web-cumple.jpg"},"all_day":false,"start_date":"2024-02-15 19:00:00","start_date_details":{"year":"2024","month":"02","day":"15","hour":"19","minutes":"00","seconds":"00"},"end_date":"2024-02-15 20:00:00","end_date_details":{"year":"2024","month":"02","day":"15","hour":"20","minutes":"00","seconds":"00"},"utc_start_date":"2024-02-15 18:00:00","utc_start_date_details":{"year":"2024","month":"02","day":"15","hour":"18","minutes":"00","seconds":"00"},"utc_end_date":"2024-02-15 19:00:00","utc_end_date_details":{"year":"2024","month":"02","day":"15","hour":"19","minutes":"00","seconds":"00"},"timezone":"Europe\/Madrid","timezone_abbr":"CET","cost":"","cost_details":{"currency_symbol":"","currency_code":"","currency_position":"prefix","values":[]},"website":"","show_map":false,"show_map_link":false,"hide_from_listings":false,"sticky":false,"featured":false,"categories":[{"name":"Anoia","slug":"anoia-es","term_group":0,"term_taxonomy_id":107,"taxonomy":"tribe_events_cat","description":"","parent":0,"count":59,"filter":"raw","id":107,"urls":{"self":"https:\/\/adc.cat\/es\/wp-json\/tribe\/events\/v1\/categories\/107","collection":"https:\/\/adc.cat\/es\/wp-json\/tribe\/events\/v1\/categories"}}],"tags":[],"venue":{"id":865,"author":"2","status":"publish","date":"2019-03-20 13:26:00","date_utc":"2019-03-20 12:26:00","modified":"2022-10-06 09:25:00","modified_utc":"2022-10-06 07:25:00","url":"https:\/\/adc.cat\/recinto\/adc-anoia\/","venue":"ADC L&#8217;Anoia &#8211; Centre C\u00edvic Nord","slug":"adc-anoia","country":"Espanya","json_ld":{"@type":"Place","name":"ADC L&#8217;Anoia &#8211; Centre C\u00edvic Nord","description":"","url":"","address":{"@type":"PostalAddress","addressCountry":"Espanya"},"telephone":"","sameAs":""},"show_map":false,"show_map_link":false,"global_id":"adc.cat\/es\/?id=865","global_id_lineage":["adc.cat\/es\/?id=865"]},"organizer":[{"id":866,"author":"2","status":"publish","date":"2019-03-20 13:30:12","date_utc":"2019-03-20 12:30:12","modified":"2022-10-04 13:23:19","modified_utc":"2022-10-04 11:23:19","url":"https:\/\/adc.cat\/organizador\/adc-anoia\/","organizer":"ADC L&#8217;Anoia","slug":"adc-anoia","phone":"656695601","email":"adcanoia@adc.cat","json_ld":{"@type":"Person","name":"ADC L&#8217;Anoia","description":"","url":"","telephone":"656695601","email":"&#97;d&#99;a&#110;&#111;&#105;a&#64;ad&#99;.cat","sameAs":""},"global_id":"adc.cat\/es\/?id=866","global_id_lineage":["adc.cat\/es\/?id=866"]}],"custom_fields":[],"json_ld":{"@context":"http:\/\/schema.org","@type":"Event","name":"Taller: Como, Cuando y Por qu\u00e9 Hacer una Reclamaci\u00f3n sobre el tratamiento de la diabetes!","description":"&lt;p&gt; \ud83c\udf1f Taller: Como, Cuando y Por qu\u00e9 Hacer una Reclamaci\u00f3n sobre el tratamiento de la diabetes! \ud83c\udf1f&lt;\/p&gt;\\n","image":"https:\/\/adc.cat\/wp-content\/uploads\/2024\/01\/web-cumple-scaled.jpg","url":"https:\/\/adc.cat\/es\/activitat\/taller-reclamacion-tratamiento-diabetes\/","eventAttendanceMode":"https:\/\/schema.org\/OfflineEventAttendanceMode","eventStatus":"https:\/\/schema.org\/EventScheduled","startDate":"2024-02-15T19:00:00+01:00","endDate":"2024-02-15T20:00:00+01:00","location":{"@type":"Place","name":"ADC L&#8217;Anoia &#8211; Centre C\u00edvic Nord","description":"","url":"","address":{"@type":"PostalAddress","addressCountry":"Espanya"},"telephone":"","sameAs":""},"organizer":{"@type":"Person","name":"ADC L&#8217;Anoia","description":"","url":"","telephone":"656695601","email":"a&#100;c&#97;&#110;o&#105;a&#64;&#97;&#100;c&#46;cat","sameAs":""},"performer":"Organization"}}