{"id":51621,"global_id":"adc.cat\/es\/?id=51621","global_id_lineage":["adc.cat\/es\/?id=51621"],"author":"2","status":"publish","date":"2025-10-24 10:20:05","date_utc":"2025-10-24 08:20:05","modified":"2025-11-03 10:11:50","modified_utc":"2025-11-03 09:11:50","url":"https:\/\/adc.cat\/es\/activitat\/girona-carpa-solidaria-para-el-dia-mundial-de-la-diabetes\/","rest_url":"https:\/\/adc.cat\/es\/wp-json\/tribe\/events\/v1\/events\/51621","title":"Girona: Carpa solidaria para el D\u00eda Mundial de la Diabetes","description":"<p>\u00a1Ven a celebrar el D\u00eda Mundial de la Diabetes con nosotros\/as!\u00a0Realizaremos controles de glucemia gratuitos, ofreceremos consejos sobre vida saludable y dietas equilibradas. \u00a1No te lo pierdas!<br \/>\nNo es necesario inscribirse, \u00a1ven a saludarnos y a dar visibilidad a la diabetes!<\/p>\n<p>\ud83d\udccd <strong>\u00bfD\u00f3nde?<\/strong> Plaza Miquel Santal\u00f3 de Girona (frente al Hotel Carlemany)<br \/>\n\ud83d\uddd3\ufe0f <strong>Fecha:<\/strong> Viernes, 14 de noviembre de 2024<br \/>\n\ud83d\udd56 <strong>Hora:<\/strong> De 9:30h a 14h<br \/>\n\ud83d\udde3\ufe0f <strong>Coordinado por:<\/strong> ADC Comarques Gironines, con la colaboraci\u00f3n de los CAP de Girona.<\/p>\n<p>M\u00e1s informaci\u00f3n: adcgirona@adc.cat \/ Tel. 972205020 \/ 670105230.<\/p>\n<p data-start=\"51\" data-end=\"67\">\u00a1Os esperamos!<\/p>\n<p data-start=\"69\" data-end=\"305\" data-is-last-node=\"\" data-is-only-node=\"\"><strong data-start=\"69\" data-end=\"82\">Organiza:<\/strong> ADC Girona.<br data-start=\"94\" data-end=\"97\" \/><strong data-start=\"97\" data-end=\"111\" data-is-only-node=\"\">Colaboran:<\/strong> Asociaci\u00f3n de Estudiantes de Ciencias de la Salud (AECS), Centros de Atenci\u00f3n Primaria de Girona (CAP Girona), Ascensia, Accu-Chek, Sanofi, Glucody, Bicentury, Gull\u00f3n, Girona Fruits y Sucralin.<\/p>","excerpt":"<p>\u00a1Ven a celebrar el D\u00eda Mundial de la Diabetes con nosotros\/as!\u00a0Realizaremos controles de glucemia gratuitos, ofreceremos consejos sobre vida saludable y dietas equilibradas.<\/p>","slug":"girona-carpa-solidaria-para-el-dia-mundial-de-la-diabetes","image":{"url":"https:\/\/adc.cat\/wp-content\/uploads\/2025\/10\/carpes-girona.jpg","id":51622,"extension":"jpg","width":1080,"height":720,"filesize":882438,"sizes":{"medium":{"width":300,"height":200,"mime-type":"image\/jpeg","filesize":27989,"url":"https:\/\/adc.cat\/wp-content\/uploads\/2025\/10\/carpes-girona-300x200.jpg"},"large":{"width":1024,"height":683,"mime-type":"image\/jpeg","filesize":179926,"url":"https:\/\/adc.cat\/wp-content\/uploads\/2025\/10\/carpes-girona-1024x683.jpg"},"thumbnail":{"width":150,"height":150,"mime-type":"image\/jpeg","filesize":13890,"url":"https:\/\/adc.cat\/wp-content\/uploads\/2025\/10\/carpes-girona-150x150.jpg"},"medium_large":{"width":768,"height":512,"mime-type":"image\/jpeg","filesize":114107,"url":"https:\/\/adc.cat\/wp-content\/uploads\/2025\/10\/carpes-girona-768x512.jpg"},"et-pb-post-main-image":{"width":400,"height":250,"mime-type":"image\/jpeg","filesize":40475,"url":"https:\/\/adc.cat\/wp-content\/uploads\/2025\/10\/carpes-girona-400x250.jpg"},"et-pb-post-main-image-fullwidth":{"width":1080,"height":675,"mime-type":"image\/jpeg","filesize":204540,"url":"https:\/\/adc.cat\/wp-content\/uploads\/2025\/10\/carpes-girona-1080x675.jpg"},"et-pb-portfolio-image":{"width":400,"height":284,"mime-type":"image\/jpeg","filesize":44517,"url":"https:\/\/adc.cat\/wp-content\/uploads\/2025\/10\/carpes-girona-400x284.jpg"},"et-pb-portfolio-module-image":{"width":510,"height":382,"mime-type":"image\/jpeg","filesize":66671,"url":"https:\/\/adc.cat\/wp-content\/uploads\/2025\/10\/carpes-girona-510x382.jpg"},"et-pb-gallery-module-image-portrait":{"width":400,"height":516,"mime-type":"image\/jpeg","filesize":58271,"url":"https:\/\/adc.cat\/wp-content\/uploads\/2025\/10\/carpes-girona-400x516.jpg"},"et-pb-image--responsive--tablet":{"width":980,"height":653,"mime-type":"image\/jpeg","filesize":167735,"url":"https:\/\/adc.cat\/wp-content\/uploads\/2025\/10\/carpes-girona-980x653.jpg"},"et-pb-image--responsive--phone":{"width":480,"height":320,"mime-type":"image\/jpeg","filesize":55154,"url":"https:\/\/adc.cat\/wp-content\/uploads\/2025\/10\/carpes-girona-480x320.jpg"},"cmplz_banner_image":{"width":350,"height":100,"mime-type":"image\/jpeg","filesize":18835,"url":"https:\/\/adc.cat\/wp-content\/uploads\/2025\/10\/carpes-girona-350x100.jpg"}}},"all_day":false,"start_date":"2025-11-14 09:30:00","start_date_details":{"year":"2025","month":"11","day":"14","hour":"09","minutes":"30","seconds":"00"},"end_date":"2025-11-14 14:00:00","end_date_details":{"year":"2025","month":"11","day":"14","hour":"14","minutes":"00","seconds":"00"},"utc_start_date":"2025-11-14 08:30:00","utc_start_date_details":{"year":"2025","month":"11","day":"14","hour":"08","minutes":"30","seconds":"00"},"utc_end_date":"2025-11-14 13:00:00","utc_end_date_details":{"year":"2025","month":"11","day":"14","hour":"13","minutes":"00","seconds":"00"},"timezone":"Europe\/Madrid","timezone_abbr":"CET","cost":"","cost_details":{"currency_symbol":"\u20ac","currency_code":"USD","currency_position":"prefix","values":[]},"website":"","show_map":true,"show_map_link":true,"hide_from_listings":false,"sticky":false,"featured":false,"categories":[{"name":"Comarques Gironines","slug":"comarques-gironines-es","term_group":0,"term_taxonomy_id":101,"taxonomy":"tribe_events_cat","description":"","parent":0,"count":48,"filter":"raw","id":101,"urls":{"self":"https:\/\/adc.cat\/es\/wp-json\/tribe\/events\/v1\/categories\/101","collection":"https:\/\/adc.cat\/es\/wp-json\/tribe\/events\/v1\/categories"}}],"tags":[],"venue":[],"organizer":[],"custom_fields":[],"json_ld":{"@context":"http:\/\/schema.org","@type":"Event","name":"Girona: Carpa solidaria para el D\u00eda Mundial de la Diabetes","description":"&lt;p&gt;\u00a1Ven a celebrar el D\u00eda Mundial de la Diabetes con nosotros\/as!\u00a0Realizaremos controles de glucemia gratuitos, ofreceremos consejos sobre vida saludable y dietas equilibradas.&lt;\/p&gt;\\n","image":"https:\/\/adc.cat\/wp-content\/uploads\/2025\/10\/carpes-girona.jpg","url":"https:\/\/adc.cat\/es\/activitat\/girona-carpa-solidaria-para-el-dia-mundial-de-la-diabetes\/","eventAttendanceMode":"https:\/\/schema.org\/OfflineEventAttendanceMode","eventStatus":"https:\/\/schema.org\/EventScheduled","startDate":"2025-11-14T09:30:00+01:00","endDate":"2025-11-14T14:00:00+01:00","performer":"Organization"}}