{"id":51698,"global_id":"adc.cat\/es\/?id=51698","global_id_lineage":["adc.cat\/es\/?id=51698"],"author":"2","status":"publish","date":"2025-10-28 13:48:36","date_utc":"2025-10-28 12:48:36","modified":"2025-10-28 15:32:22","modified_utc":"2025-10-28 14:32:22","url":"https:\/\/adc.cat\/es\/activitat\/lleida-mesas-informativas-y-solidarias-para-el-dia-mundial-de-la-diabetes\/","rest_url":"https:\/\/adc.cat\/es\/wp-json\/tribe\/events\/v1\/events\/51698","title":"Lleida: Mesas informativas y solidarias para el D\u00eda Mundial de la Diabetes","description":"<p>\u00a1Te esperamos en nuestra mesa informativa! Podr\u00e1s conocer m\u00e1s sobre la diabetes y nuestra asociaci\u00f3n, hacerte controles de gluc\u00e9mia gratuitos y comprar productos elaborados por nuestros voluntarios. \u00a1No te lo pierdas!<br \/>\nNo se requiere inscripci\u00f3n previa, \u00a1pasa a saludarnos y a dar visibilidad a la diabetes!<\/p>\n<p>\ud83d\udccd <strong>\u00bfD\u00f3nde?<\/strong> &#8211; Delante de la Diputaci\u00f3n Provincial de Lleida &#8211; Plaza Sant Joan &#8211; Plaza de la Catedral &#8211; Avinguda Catalunya &#8211; Plaza Cervantes<br \/>\n\ud83d\uddd3\ufe0f <strong>Data:<\/strong> Viernes 14 de noviembre.<br \/>\n\ud83d\udd56 <strong>Hora:<\/strong> De 10h a 19h<br \/>\n\ud83d\udde3\ufe0f <strong>Coordinado por:<\/strong> ADC Lleida. M\u00e1s informaci\u00f3n a <a href=\"mailto:adclleida@adc.cat\">adclleida@adc.cat<\/a>.<\/p>\n<p>\u00a1Te esperamos ah\u00ed!<span class=\"d2edcug0 hpfvmrgz qv66sw1b c1et5uql lr9zc1uh a8c37x1j fe6kdd0r mau55g9w c8b282yb keod5gw0 nxhoafnm aigsh9s9 d3f4x2em iv3no6db jq4qci2q a3bd9o3v b1v8xokw oo9gr5id hzawbc8m\" dir=\"auto\"><strong>Organiza:<\/strong> ADC Lleida.<\/span><\/p>","excerpt":"<p>\u00a1Te esperamos en nuestra mesa informativa! Podr\u00e1s conocer m\u00e1s sobre la diabetes y nuestra asociaci\u00f3n, hacerte controles de gluc\u00e9mia gratuitos y comprar productos elaborados por nuestros voluntarios.<\/p>","slug":"lleida-mesas-informativas-y-solidarias-para-el-dia-mundial-de-la-diabetes","image":{"url":"https:\/\/adc.cat\/wp-content\/uploads\/2025\/10\/carpes-girona.jpg","id":51622,"extension":"jpg","width":1080,"height":720,"filesize":882438,"sizes":{"medium":{"width":300,"height":200,"mime-type":"image\/jpeg","filesize":27989,"url":"https:\/\/adc.cat\/wp-content\/uploads\/2025\/10\/carpes-girona-300x200.jpg"},"large":{"width":1024,"height":683,"mime-type":"image\/jpeg","filesize":179926,"url":"https:\/\/adc.cat\/wp-content\/uploads\/2025\/10\/carpes-girona-1024x683.jpg"},"thumbnail":{"width":150,"height":150,"mime-type":"image\/jpeg","filesize":13890,"url":"https:\/\/adc.cat\/wp-content\/uploads\/2025\/10\/carpes-girona-150x150.jpg"},"medium_large":{"width":768,"height":512,"mime-type":"image\/jpeg","filesize":114107,"url":"https:\/\/adc.cat\/wp-content\/uploads\/2025\/10\/carpes-girona-768x512.jpg"},"et-pb-post-main-image":{"width":400,"height":250,"mime-type":"image\/jpeg","filesize":40475,"url":"https:\/\/adc.cat\/wp-content\/uploads\/2025\/10\/carpes-girona-400x250.jpg"},"et-pb-post-main-image-fullwidth":{"width":1080,"height":675,"mime-type":"image\/jpeg","filesize":204540,"url":"https:\/\/adc.cat\/wp-content\/uploads\/2025\/10\/carpes-girona-1080x675.jpg"},"et-pb-portfolio-image":{"width":400,"height":284,"mime-type":"image\/jpeg","filesize":44517,"url":"https:\/\/adc.cat\/wp-content\/uploads\/2025\/10\/carpes-girona-400x284.jpg"},"et-pb-portfolio-module-image":{"width":510,"height":382,"mime-type":"image\/jpeg","filesize":66671,"url":"https:\/\/adc.cat\/wp-content\/uploads\/2025\/10\/carpes-girona-510x382.jpg"},"et-pb-gallery-module-image-portrait":{"width":400,"height":516,"mime-type":"image\/jpeg","filesize":58271,"url":"https:\/\/adc.cat\/wp-content\/uploads\/2025\/10\/carpes-girona-400x516.jpg"},"et-pb-image--responsive--tablet":{"width":980,"height":653,"mime-type":"image\/jpeg","filesize":167735,"url":"https:\/\/adc.cat\/wp-content\/uploads\/2025\/10\/carpes-girona-980x653.jpg"},"et-pb-image--responsive--phone":{"width":480,"height":320,"mime-type":"image\/jpeg","filesize":55154,"url":"https:\/\/adc.cat\/wp-content\/uploads\/2025\/10\/carpes-girona-480x320.jpg"},"cmplz_banner_image":{"width":350,"height":100,"mime-type":"image\/jpeg","filesize":18835,"url":"https:\/\/adc.cat\/wp-content\/uploads\/2025\/10\/carpes-girona-350x100.jpg"}}},"all_day":false,"start_date":"2025-11-14 10:00:00","start_date_details":{"year":"2025","month":"11","day":"14","hour":"10","minutes":"00","seconds":"00"},"end_date":"2025-11-14 19:00:00","end_date_details":{"year":"2025","month":"11","day":"14","hour":"19","minutes":"00","seconds":"00"},"utc_start_date":"2025-11-14 09:00:00","utc_start_date_details":{"year":"2025","month":"11","day":"14","hour":"09","minutes":"00","seconds":"00"},"utc_end_date":"2025-11-14 18:00:00","utc_end_date_details":{"year":"2025","month":"11","day":"14","hour":"18","minutes":"00","seconds":"00"},"timezone":"Europe\/Madrid","timezone_abbr":"CET","cost":"","cost_details":{"currency_symbol":"\u20ac","currency_code":"USD","currency_position":"prefix","values":[]},"website":"","show_map":false,"show_map_link":false,"hide_from_listings":false,"sticky":false,"featured":false,"categories":[{"name":"Lleida","slug":"lleida-es","term_group":0,"term_taxonomy_id":106,"taxonomy":"tribe_events_cat","description":"","parent":0,"count":43,"filter":"raw","id":106,"urls":{"self":"https:\/\/adc.cat\/es\/wp-json\/tribe\/events\/v1\/categories\/106","collection":"https:\/\/adc.cat\/es\/wp-json\/tribe\/events\/v1\/categories"}}],"tags":[],"venue":[],"organizer":[],"custom_fields":[],"json_ld":{"@context":"http:\/\/schema.org","@type":"Event","name":"Lleida: Mesas informativas y solidarias para el D\u00eda Mundial de la Diabetes","description":"&lt;p&gt;\u00a1Te esperamos en nuestra mesa informativa! Podr\u00e1s conocer m\u00e1s sobre la diabetes y nuestra asociaci\u00f3n, hacerte controles de gluc\u00e9mia gratuitos y comprar productos elaborados por nuestros voluntarios.&lt;\/p&gt;\\n","image":"https:\/\/adc.cat\/wp-content\/uploads\/2025\/10\/carpes-girona.jpg","url":"https:\/\/adc.cat\/es\/activitat\/lleida-mesas-informativas-y-solidarias-para-el-dia-mundial-de-la-diabetes\/","eventAttendanceMode":"https:\/\/schema.org\/OfflineEventAttendanceMode","eventStatus":"https:\/\/schema.org\/EventScheduled","startDate":"2025-11-14T10:00:00+01:00","endDate":"2025-11-14T19:00:00+01:00","performer":"Organization"}}