{"id":53622,"global_id":"adc.cat\/es\/?id=53622","global_id_lineage":["adc.cat\/es\/?id=53622"],"author":"2","status":"publish","date":"2026-04-30 17:48:03","date_utc":"2026-04-30 15:48:03","modified":"2026-04-30 17:48:03","modified_utc":"2026-04-30 15:48:03","url":"https:\/\/adc.cat\/es\/activitat\/barcelona-clinic-obert-vive-la-salud-en-la-calle\/","rest_url":"https:\/\/adc.cat\/es\/wp-json\/tribe\/events\/v1\/events\/53622","title":"Barcelona: Cl\u00ednic Obert \u00a1Vive la salud en la calle!","description":"<p>El pr\u00f3ximo <strong>s\u00e1bado 9 de mayo de 2026<\/strong> se celebra la segunda edici\u00f3n del Cl\u00ednic Obert. Un d\u00eda en el que se abren las puertas del Campus para conectar con la ciudadan\u00eda, mostrando lo que hacen en el Cl\u00ednic, promoviendo h\u00e1bitos saludables y haciendo prevenci\u00f3n de la salud, en una jornada que queremos que sea festiva y participativa.<\/p>\n<p>Toda una ma\u00f1ana de talleres, charlas, puntos informativos, actividades deportivas (zumba, clases de swing, pilates, yoga&#8230;), musicales, l\u00fadicas y familiares, furgonetas de comida saludable, talleres de cocina en directo&#8230; en la calle Casanova entre Proven\u00e7a y Par\u00eds. Y tambi\u00e9n en su Maternidad.<\/p>\n<p>\ud83d\udcc6 S\u00e1bado, 9 de mayo de 9:30 a 16h.<\/p>\n<p>\ud83c\udfaf Campus Cl\u00ednic (Calle de Casanova entre Provenza y Par\u00eds)<\/p>\n<p style=\"text-align: center;\"><a href='https:\/\/www.clinicbarcelona.org\/uploads\/media\/default\/0022\/78\/6927989a8e87dc649e8525734b25d5100fa79599.pdf' class='big-button bigblue' target=\"_blank\">Mas informaci\u00f3n<\/a><\/p>\n<p>ORGANIZA: <a href=\"https:\/\/www.clinicbarcelona.org\/ca\/asistencia\/clinic-obert?utm_source=newsletter&amp;utm_medium=banner&amp;utm_campaign=clinicobert\">Campus Cl\u00ednic<\/a><\/p>","excerpt":"<p>El pr\u00f3ximo s\u00e1bado 9 de mayo de 2026 se celebra la segunda edici\u00f3n del Cl\u00ednic Obert. Un d\u00eda en el que se abren las puertas del Campus para conectar con la ciudadan\u00eda, mostrando lo que hacen en el Cl\u00ednic, promoviendo h\u00e1bitos saludables y haciendo prevenci\u00f3n de la salud, en una jornada que queremos que sea festiva y participativa.<\/p>","slug":"barcelona-clinic-obert-vive-la-salud-en-la-calle","image":{"url":"https:\/\/adc.cat\/wp-content\/uploads\/2026\/04\/Captura-de-pantalla-2026-04-30-174735.png","id":53623,"extension":"png","width":563,"height":353,"filesize":194782,"sizes":{"medium":{"width":300,"height":188,"mime-type":"image\/png","filesize":61518,"url":"https:\/\/adc.cat\/wp-content\/uploads\/2026\/04\/Captura-de-pantalla-2026-04-30-174735-300x188.png"},"thumbnail":{"width":150,"height":150,"mime-type":"image\/png","filesize":27436,"url":"https:\/\/adc.cat\/wp-content\/uploads\/2026\/04\/Captura-de-pantalla-2026-04-30-174735-150x150.png"},"et-pb-post-main-image":{"width":400,"height":250,"mime-type":"image\/png","filesize":98349,"url":"https:\/\/adc.cat\/wp-content\/uploads\/2026\/04\/Captura-de-pantalla-2026-04-30-174735-400x250.png"},"et-pb-portfolio-image":{"width":400,"height":284,"mime-type":"image\/png","filesize":106090,"url":"https:\/\/adc.cat\/wp-content\/uploads\/2026\/04\/Captura-de-pantalla-2026-04-30-174735-400x284.png"},"et-pb-portfolio-module-image":{"width":510,"height":353,"mime-type":"image\/png","filesize":158336,"url":"https:\/\/adc.cat\/wp-content\/uploads\/2026\/04\/Captura-de-pantalla-2026-04-30-174735-510x353.png"},"et-pb-gallery-module-image-portrait":{"width":400,"height":353,"mime-type":"image\/png","filesize":131146,"url":"https:\/\/adc.cat\/wp-content\/uploads\/2026\/04\/Captura-de-pantalla-2026-04-30-174735-400x353.png"},"et-pb-image--responsive--phone":{"width":480,"height":301,"mime-type":"image\/png","filesize":131014,"url":"https:\/\/adc.cat\/wp-content\/uploads\/2026\/04\/Captura-de-pantalla-2026-04-30-174735-480x301.png"},"cmplz_banner_image":{"width":350,"height":100,"mime-type":"image\/png","filesize":39660,"url":"https:\/\/adc.cat\/wp-content\/uploads\/2026\/04\/Captura-de-pantalla-2026-04-30-174735-350x100.png"}}},"all_day":false,"start_date":"2026-05-09 09:30:00","start_date_details":{"year":"2026","month":"05","day":"09","hour":"09","minutes":"30","seconds":"00"},"end_date":"2026-05-09 16:00:00","end_date_details":{"year":"2026","month":"05","day":"09","hour":"16","minutes":"00","seconds":"00"},"utc_start_date":"2026-05-09 07:30:00","utc_start_date_details":{"year":"2026","month":"05","day":"09","hour":"07","minutes":"30","seconds":"00"},"utc_end_date":"2026-05-09 14:00:00","utc_end_date_details":{"year":"2026","month":"05","day":"09","hour":"14","minutes":"00","seconds":"00"},"timezone":"Europe\/Madrid","timezone_abbr":"CEST","cost":"","cost_details":{"currency_symbol":"\u20ac","currency_code":"","currency_position":"","values":[]},"website":"https:\/\/adc.cat\/es\/activitat\/barcelona-clinic-obert-vive-la-salud-en-la-calle\/","show_map":true,"show_map_link":true,"hide_from_listings":false,"sticky":false,"featured":false,"categories":[{"name":"Barcelona","slug":"barcelona-es","term_group":0,"term_taxonomy_id":69,"taxonomy":"tribe_events_cat","description":"","parent":0,"count":60,"filter":"raw","id":69,"urls":{"self":"https:\/\/adc.cat\/es\/wp-json\/tribe\/events\/v1\/categories\/69","collection":"https:\/\/adc.cat\/es\/wp-json\/tribe\/events\/v1\/categories"}}],"tags":[],"venue":[],"organizer":[],"custom_fields":[],"json_ld":{"@context":"http:\/\/schema.org","@type":"Event","name":"Barcelona: Cl\u00ednic Obert \u00a1Vive la salud en la calle!","description":"&lt;p&gt;El pr\u00f3ximo s\u00e1bado 9 de mayo de 2026 se celebra la segunda edici\u00f3n del Cl\u00ednic Obert. Un d\u00eda en el que se abren las puertas del Campus para conectar con la ciudadan\u00eda, mostrando lo que hacen en el Cl\u00ednic, promoviendo h\u00e1bitos saludables y haciendo prevenci\u00f3n de la salud, en una jornada que queremos que sea festiva y participativa.&lt;\/p&gt;\\n","image":"https:\/\/adc.cat\/wp-content\/uploads\/2026\/04\/Captura-de-pantalla-2026-04-30-174735.png","url":"https:\/\/adc.cat\/es\/activitat\/barcelona-clinic-obert-vive-la-salud-en-la-calle\/","eventAttendanceMode":"https:\/\/schema.org\/OfflineEventAttendanceMode","eventStatus":"https:\/\/schema.org\/EventScheduled","startDate":"2026-05-09T09:30:00+02:00","endDate":"2026-05-09T16:00:00+02:00","performer":"Organization"}}