{"id":43234,"date":"2024-04-02T11:19:49","date_gmt":"2024-04-02T09:19:49","guid":{"rendered":"https:\/\/adc.cat\/sin-categorizar\/concurs-dracs-roses-i-cures-sant-jordi-amb-sensibilitzacio-per-la-diabetis\/"},"modified":"2024-04-03T10:07:38","modified_gmt":"2024-04-03T08:07:38","slug":"concurs-dracs-roses-i-cures-sant-jordi-amb-sensibilitzacio-per-la-diabetis","status":"publish","type":"post","link":"https:\/\/adc.cat\/es\/actualidad\/concurs-dracs-roses-i-cures-sant-jordi-amb-sensibilitzacio-per-la-diabetis\/","title":{"rendered":"Concurso \u00abDragones, rosas y cuidados\u00bb: San Jorge con sensibilizaci\u00f3n por la diabetes"},"content":{"rendered":"<p><em>En motivo de la fiesta de Sant Jordi, la Associaci\u00f3 de Diabetis de Catalunya (ADC) abre un concurso para animar a los ni\u00f1os a expresar relatos sobre la diabetes.<\/em><\/p>\n<p>T\u00edtulo del Concurso: \u00abDragones, rosas y curas\u00bb: San Jorge con sensibilizaci\u00f3n por la diabetes\u00bb<\/p>\n<p>Os damos la bienvenida al concurso \u00abDragones, rosas y cuidados: Sant Jordi con sensibilizaci\u00f3n sobre la diabetes\u00bb, una oportunidad emocionante para celebrar la tradici\u00f3n de Sant Jordi mientras nos concienciamos sobre la importancia de las curas y el tratamiento de la diabetes. Este concurso ofrece una plataforma para expresar vuestra creatividad art\u00edstica mientras promovemos la salud y la sensibilizaci\u00f3n sobre la diabetes.<\/p>\n<p>Tema: El tema central de este concurso es explorar la intersecci\u00f3n entre la leyenda de Sant Jordi y la diabetes a trav\u00e9s de las categor\u00edas de punto de libro, poes\u00eda y cuentos. Animamos a los participantes a reflexionar sobre como la mitolog\u00eda de San Jorge puede relacionarse con la diabetes, expres\u00e1ndolo a trav\u00e9s de su obra.<\/p>\n<p><img decoding=\"async\" class=\"aligncenter wp-image-43238\" src=\"https:\/\/adc.cat\/wp-content\/uploads\/2024\/04\/CARTELL-ST-JORDI-cast-1024x684.jpg\" alt=\"\" width=\"524\" height=\"350\" \/><\/p>\n<p><strong>Categor\u00edas:<\/strong><\/p>\n<ul>\n<li><strong>Ilustraci\u00f3n de dragones, rosas e insulinas<\/strong>: En esta categor\u00eda, los participantes tendr\u00e1n que dise\u00f1ar un punto de libro inspirado en la leyenda de Sant Jordi, incorporando elementos que sensibilicen sobre la diabetes. Los puntos de libro tienen que ser visuales y funcionales, proporcionando una pieza art\u00edstica que tambi\u00e9n sirva como marcador de libros.<\/li>\n<li><strong>Dulce poes\u00eda de Sant Jordi:<\/strong> En esta categor\u00eda, los participantes tendr\u00e1n que crear una obra po\u00e9tica que explore la relaci\u00f3n entre la leyenda de Sant Jordi y la diabetes. Se valora la creatividad en la interpretaci\u00f3n del tema, as\u00ed como el uso de estilos po\u00e9ticos varios para expresar emociones y reflexiones sobre esta tem\u00e1tica.<\/li>\n<li><strong>Tu historia importa:<\/strong> Esta categor\u00eda es para los escritores que desean narrar una historia original que combine elementos de la leyenda de Sant Jordi con la tem\u00e1tica de la diabetes. Los cuentos tienen que ser imaginativos y cautivadores.<\/li>\n<\/ul>\n<p>Premios: Los participantes ganadores de cada categor\u00eda ser\u00e1n reconocidos por su talento y creatividad, y recibir\u00e1n premios especiales relacionados con la tem\u00e1tica del concurso.<\/p>\n<p>Fecha tope de presentaci\u00f3n: Las obras tendr\u00e1n que ser enviadas antes del <strong>15 de abril<\/strong>, para ser consideradas para el concurso.<\/p>\n<p><strong>Requisitos y procedimiento:<\/strong><\/p>\n<p>Es una participaci\u00f3n abierta a ni\u00f1os\/se de 6 a 12 a\u00f1os.<\/p>\n<p>Los puntos de libro, las poes\u00edas y los cuentos se tienen que presentar v\u00eda corr\u00e9is a <a href=\"mailto:adc@adc.cat\">adc@adc.cat<\/a> antes del 15 de abril, poniendo al asunto \u00abDragones, roses y cuidados: Sant Jordi con sensibilizaci\u00f3n sobre la diabetes\u00bb\u00a0 mediante un documento PDF o una imagen (en el caso del punto de libro) donde aparezca el autor\/a del escrito, el correo electr\u00f3nico, un tel\u00e9fono de contacto y la edad.<\/p>\n<p>Los relatos tendr\u00e1n que tener un m\u00e1ximo de 500 palabras y el texto tiene que hablar sobre la diabetes.<\/p>\n<p>El ADC se reserva el derecho de proclamar el concurso desierto en funci\u00f3n de criterios editoriales como puedan ser la calidad de los textos o para ser inadecuados por motivo de g\u00e9nero, discriminaci\u00f3n u otros que puedan herir la sensibilidad del lector\/ la lectora.<\/p>\n<p>Ser ganador\/a en este concurso presupone la autorizaci\u00f3n por parte del autor\/a ganador\/a y de sus padres\/tutores, de publicar la obra en cualquier canal de la asociaci\u00f3n.<\/p>\n<p><strong>Cesi\u00f3n de los derechos:<\/strong><\/p>\n<p>La aceptaci\u00f3n del concurso presupone la cesi\u00f3n gratuita a favor de la ADC del derecho de reproducci\u00f3n por parte del autor\/a de los relatos presentados; derechos de los cuales har\u00e1 uso el ADC de acuerdo con la normativa vigente en materia de derechos de autor y protecci\u00f3n de datos. El env\u00edo del cuento presupone el consentimiento de datos y el permiso de publicaci\u00f3n del cuento (si fuera el caso).<\/p>\n<p><strong>Jurado:<\/strong><\/p>\n<p>El jurado est\u00e1 compuesto por un m\u00e1ximo de 5 persones socias voluntarias (que no participan en el concurso).<\/p>\n<p><strong>Protecci\u00f3n de datos:<\/strong><\/p>\n<p>En conformidad con el que dispone la Ley Org\u00e1nica de Protecci\u00f3n de Datos y Garant\u00eda de Derechos Digitales, lo informamos que sus datos forman parte de un fichero responsabilidad de la Asociaci\u00f3n de Diabetes de Catalu\u00f1a siente tratadas con el fin de dar servicio al concurso de San Jorge en el cual usted participar\u00e1 enviando los cuentos.<\/p>\n","protected":false},"excerpt":{"rendered":"<p>El tema central d&#8217;aquest concurs \u00e9s explorar la intersecci\u00f3 entre la llegenda de Sant Jordi i la diabetis a trav\u00e9s de les categories de dibuixos, poesia i contes. Animem als participants a reflexionar sobre com la mitologia de Sant Jordi pot relacionar-se amb la diabetis, expressant-ho a trav\u00e9s de la seva obra.<\/p>\n","protected":false},"author":2,"featured_media":43238,"comment_status":"closed","ping_status":"closed","sticky":false,"template":"","format":"standard","meta":{"_et_pb_use_builder":"","_et_pb_old_content":"","_et_gb_content_width":"","footnotes":""},"categories":[61,67],"tags":[],"class_list":["post-43234","post","type-post","status-publish","format-standard","has-post-thumbnail","hentry","category-actualidad","category-home-d-es"],"yoast_head":"<!-- This site is optimized with the Yoast SEO plugin v27.4 - https:\/\/yoast.com\/product\/yoast-seo-wordpress\/ -->\n<title>Concurso &quot;Dragones, rosas y cuidados&quot;: San Jorge con sensibilizaci\u00f3n por la diabetes - ADC \u2013 Associaci\u00f3 de Diabetis de Catalunya<\/title>\n<meta name=\"robots\" content=\"index, follow, max-snippet:-1, max-image-preview:large, max-video-preview:-1\" \/>\n<link rel=\"canonical\" href=\"https:\/\/adc.cat\/es\/actualidad\/concurs-dracs-roses-i-cures-sant-jordi-amb-sensibilitzacio-per-la-diabetis\/\" \/>\n<meta property=\"og:locale\" content=\"es_ES\" \/>\n<meta property=\"og:type\" content=\"article\" \/>\n<meta property=\"og:title\" content=\"Concurso &quot;Dragones, rosas y cuidados&quot;: San Jorge con sensibilizaci\u00f3n por la diabetes - ADC \u2013 Associaci\u00f3 de Diabetis de Catalunya\" \/>\n<meta property=\"og:description\" content=\"El tema central d&#039;aquest concurs \u00e9s explorar la intersecci\u00f3 entre la llegenda de Sant Jordi i la diabetis a trav\u00e9s de les categories de dibuixos, poesia i contes. Animem als participants a reflexionar sobre com la mitologia de Sant Jordi pot relacionar-se amb la diabetis, expressant-ho a trav\u00e9s de la seva obra.\" \/>\n<meta property=\"og:url\" content=\"https:\/\/adc.cat\/es\/actualidad\/concurs-dracs-roses-i-cures-sant-jordi-amb-sensibilitzacio-per-la-diabetis\/\" \/>\n<meta property=\"og:site_name\" content=\"ADC \u2013 Associaci\u00f3 de Diabetis de Catalunya\" \/>\n<meta property=\"article:publisher\" content=\"https:\/\/www.facebook.com\/ADC.CAT\/\" \/>\n<meta property=\"article:published_time\" content=\"2024-04-02T09:19:49+00:00\" \/>\n<meta property=\"article:modified_time\" content=\"2024-04-03T08:07:38+00:00\" \/>\n<meta property=\"og:image\" content=\"https:\/\/adc.cat\/wp-content\/uploads\/2022\/03\/concurs-sant-jordi-2022.jpg\" \/>\n<meta name=\"author\" content=\"Sandra\" \/>\n<meta name=\"twitter:card\" content=\"summary_large_image\" \/>\n<meta name=\"twitter:image\" content=\"https:\/\/adc.cat\/wp-content\/uploads\/2022\/03\/concurs-sant-jordi-2022.jpg\" \/>\n<meta name=\"twitter:creator\" content=\"@ADC_CAT\" \/>\n<meta name=\"twitter:site\" content=\"@ADC_CAT\" \/>\n<meta name=\"twitter:label1\" content=\"Escrito por\" \/>\n\t<meta name=\"twitter:data1\" content=\"Sandra\" \/>\n\t<meta name=\"twitter:label2\" content=\"Tiempo de lectura\" \/>\n\t<meta name=\"twitter:data2\" content=\"5 minutos\" \/>\n<script type=\"application\/ld+json\" class=\"yoast-schema-graph\">{\"@context\":\"https:\\\/\\\/schema.org\",\"@graph\":[{\"@type\":\"Article\",\"@id\":\"https:\\\/\\\/adc.cat\\\/es\\\/actualidad\\\/concurs-dracs-roses-i-cures-sant-jordi-amb-sensibilitzacio-per-la-diabetis\\\/#article\",\"isPartOf\":{\"@id\":\"https:\\\/\\\/adc.cat\\\/es\\\/actualidad\\\/concurs-dracs-roses-i-cures-sant-jordi-amb-sensibilitzacio-per-la-diabetis\\\/\"},\"author\":{\"name\":\"Sandra\",\"@id\":\"https:\\\/\\\/adc.cat\\\/es\\\/#\\\/schema\\\/person\\\/c3095eda6e9c2068ff66a789795e0685\"},\"headline\":\"Concurso \u00abDragones, rosas y cuidados\u00bb: San Jorge con sensibilizaci\u00f3n por la diabetes\",\"datePublished\":\"2024-04-02T09:19:49+00:00\",\"dateModified\":\"2024-04-03T08:07:38+00:00\",\"mainEntityOfPage\":{\"@id\":\"https:\\\/\\\/adc.cat\\\/es\\\/actualidad\\\/concurs-dracs-roses-i-cures-sant-jordi-amb-sensibilitzacio-per-la-diabetis\\\/\"},\"wordCount\":757,\"publisher\":{\"@id\":\"https:\\\/\\\/adc.cat\\\/es\\\/#organization\"},\"image\":{\"@id\":\"https:\\\/\\\/adc.cat\\\/es\\\/actualidad\\\/concurs-dracs-roses-i-cures-sant-jordi-amb-sensibilitzacio-per-la-diabetis\\\/#primaryimage\"},\"thumbnailUrl\":\"https:\\\/\\\/adc.cat\\\/wp-content\\\/uploads\\\/2024\\\/04\\\/CARTELL-ST-JORDI-cast.jpg\",\"articleSection\":[\"Actualidad\",\"Home D\"],\"inLanguage\":\"es\"},{\"@type\":\"WebPage\",\"@id\":\"https:\\\/\\\/adc.cat\\\/es\\\/actualidad\\\/concurs-dracs-roses-i-cures-sant-jordi-amb-sensibilitzacio-per-la-diabetis\\\/\",\"url\":\"https:\\\/\\\/adc.cat\\\/es\\\/actualidad\\\/concurs-dracs-roses-i-cures-sant-jordi-amb-sensibilitzacio-per-la-diabetis\\\/\",\"name\":\"Concurso \\\"Dragones, rosas y cuidados\\\": San Jorge con sensibilizaci\u00f3n por la diabetes - ADC \u2013 Associaci\u00f3 de Diabetis de Catalunya\",\"isPartOf\":{\"@id\":\"https:\\\/\\\/adc.cat\\\/es\\\/#website\"},\"primaryImageOfPage\":{\"@id\":\"https:\\\/\\\/adc.cat\\\/es\\\/actualidad\\\/concurs-dracs-roses-i-cures-sant-jordi-amb-sensibilitzacio-per-la-diabetis\\\/#primaryimage\"},\"image\":{\"@id\":\"https:\\\/\\\/adc.cat\\\/es\\\/actualidad\\\/concurs-dracs-roses-i-cures-sant-jordi-amb-sensibilitzacio-per-la-diabetis\\\/#primaryimage\"},\"thumbnailUrl\":\"https:\\\/\\\/adc.cat\\\/wp-content\\\/uploads\\\/2024\\\/04\\\/CARTELL-ST-JORDI-cast.jpg\",\"datePublished\":\"2024-04-02T09:19:49+00:00\",\"dateModified\":\"2024-04-03T08:07:38+00:00\",\"breadcrumb\":{\"@id\":\"https:\\\/\\\/adc.cat\\\/es\\\/actualidad\\\/concurs-dracs-roses-i-cures-sant-jordi-amb-sensibilitzacio-per-la-diabetis\\\/#breadcrumb\"},\"inLanguage\":\"es\",\"potentialAction\":[{\"@type\":\"ReadAction\",\"target\":[\"https:\\\/\\\/adc.cat\\\/es\\\/actualidad\\\/concurs-dracs-roses-i-cures-sant-jordi-amb-sensibilitzacio-per-la-diabetis\\\/\"]}]},{\"@type\":\"ImageObject\",\"inLanguage\":\"es\",\"@id\":\"https:\\\/\\\/adc.cat\\\/es\\\/actualidad\\\/concurs-dracs-roses-i-cures-sant-jordi-amb-sensibilitzacio-per-la-diabetis\\\/#primaryimage\",\"url\":\"https:\\\/\\\/adc.cat\\\/wp-content\\\/uploads\\\/2024\\\/04\\\/CARTELL-ST-JORDI-cast.jpg\",\"contentUrl\":\"https:\\\/\\\/adc.cat\\\/wp-content\\\/uploads\\\/2024\\\/04\\\/CARTELL-ST-JORDI-cast.jpg\",\"width\":1080,\"height\":721},{\"@type\":\"BreadcrumbList\",\"@id\":\"https:\\\/\\\/adc.cat\\\/es\\\/actualidad\\\/concurs-dracs-roses-i-cures-sant-jordi-amb-sensibilitzacio-per-la-diabetis\\\/#breadcrumb\",\"itemListElement\":[{\"@type\":\"ListItem\",\"position\":1,\"name\":\"Portada\",\"item\":\"https:\\\/\\\/adc.cat\\\/es\\\/\"},{\"@type\":\"ListItem\",\"position\":2,\"name\":\"Concurso &#8220;Dragones, rosas y cuidados&#8221;: San Jorge con sensibilizaci\u00f3n por la diabetes\"}]},{\"@type\":\"WebSite\",\"@id\":\"https:\\\/\\\/adc.cat\\\/es\\\/#website\",\"url\":\"https:\\\/\\\/adc.cat\\\/es\\\/\",\"name\":\"ADC \u2013 Associaci\u00f3 de Diabetis de Catalunya\",\"description\":\"L&#039;ADC representa els pacients amb diabetis de Catalunya. Els nostres objectius: informar, aconsellar, ajudar i defensar les persones amb diabetis i promoure la sensibilitzaci\u00f3 de la resta de la societat\",\"publisher\":{\"@id\":\"https:\\\/\\\/adc.cat\\\/es\\\/#organization\"},\"potentialAction\":[{\"@type\":\"SearchAction\",\"target\":{\"@type\":\"EntryPoint\",\"urlTemplate\":\"https:\\\/\\\/adc.cat\\\/es\\\/?s={search_term_string}\"},\"query-input\":{\"@type\":\"PropertyValueSpecification\",\"valueRequired\":true,\"valueName\":\"search_term_string\"}}],\"inLanguage\":\"es\"},{\"@type\":\"Organization\",\"@id\":\"https:\\\/\\\/adc.cat\\\/es\\\/#organization\",\"name\":\"Associaci\u00f3 de Diabetis de Catalunya\",\"url\":\"https:\\\/\\\/adc.cat\\\/es\\\/\",\"logo\":{\"@type\":\"ImageObject\",\"inLanguage\":\"es\",\"@id\":\"https:\\\/\\\/adc.cat\\\/es\\\/#\\\/schema\\\/logo\\\/image\\\/\",\"url\":\"https:\\\/\\\/adc.cat\\\/wp-content\\\/uploads\\\/2022\\\/01\\\/associacio_de_diabetis_catalunya.png\",\"contentUrl\":\"https:\\\/\\\/adc.cat\\\/wp-content\\\/uploads\\\/2022\\\/01\\\/associacio_de_diabetis_catalunya.png\",\"width\":512,\"height\":239,\"caption\":\"Associaci\u00f3 de Diabetis de Catalunya\"},\"image\":{\"@id\":\"https:\\\/\\\/adc.cat\\\/es\\\/#\\\/schema\\\/logo\\\/image\\\/\"},\"sameAs\":[\"https:\\\/\\\/www.facebook.com\\\/ADC.CAT\\\/\",\"https:\\\/\\\/x.com\\\/ADC_CAT\",\"https:\\\/\\\/www.instagram.com\\\/adc_cat\\\/\",\"https:\\\/\\\/www.linkedin.com\\\/company\\\/associacio-de-diabetis-de-catalunya\",\"https:\\\/\\\/www.youtube.com\\\/channel\\\/UC7BiJMxG_5sHYUhMAlevAWA\"]},{\"@type\":\"Person\",\"@id\":\"https:\\\/\\\/adc.cat\\\/es\\\/#\\\/schema\\\/person\\\/c3095eda6e9c2068ff66a789795e0685\",\"name\":\"Sandra\",\"image\":{\"@type\":\"ImageObject\",\"inLanguage\":\"es\",\"@id\":\"https:\\\/\\\/secure.gravatar.com\\\/avatar\\\/0a992a44e4e0c2d0d7cb96813afd74f2b3b4ba44b154a672987b5285d79bb9c0?s=96&d=mm&r=g\",\"url\":\"https:\\\/\\\/secure.gravatar.com\\\/avatar\\\/0a992a44e4e0c2d0d7cb96813afd74f2b3b4ba44b154a672987b5285d79bb9c0?s=96&d=mm&r=g\",\"contentUrl\":\"https:\\\/\\\/secure.gravatar.com\\\/avatar\\\/0a992a44e4e0c2d0d7cb96813afd74f2b3b4ba44b154a672987b5285d79bb9c0?s=96&d=mm&r=g\",\"caption\":\"Sandra\"}}]}<\/script>\n<!-- \/ Yoast SEO plugin. -->","yoast_head_json":{"title":"Concurso \"Dragones, rosas y cuidados\": San Jorge con sensibilizaci\u00f3n por la diabetes - ADC \u2013 Associaci\u00f3 de Diabetis de Catalunya","robots":{"index":"index","follow":"follow","max-snippet":"max-snippet:-1","max-image-preview":"max-image-preview:large","max-video-preview":"max-video-preview:-1"},"canonical":"https:\/\/adc.cat\/es\/actualidad\/concurs-dracs-roses-i-cures-sant-jordi-amb-sensibilitzacio-per-la-diabetis\/","og_locale":"es_ES","og_type":"article","og_title":"Concurso \"Dragones, rosas y cuidados\": San Jorge con sensibilizaci\u00f3n por la diabetes - ADC \u2013 Associaci\u00f3 de Diabetis de Catalunya","og_description":"El tema central d'aquest concurs \u00e9s explorar la intersecci\u00f3 entre la llegenda de Sant Jordi i la diabetis a trav\u00e9s de les categories de dibuixos, poesia i contes. Animem als participants a reflexionar sobre com la mitologia de Sant Jordi pot relacionar-se amb la diabetis, expressant-ho a trav\u00e9s de la seva obra.","og_url":"https:\/\/adc.cat\/es\/actualidad\/concurs-dracs-roses-i-cures-sant-jordi-amb-sensibilitzacio-per-la-diabetis\/","og_site_name":"ADC \u2013 Associaci\u00f3 de Diabetis de Catalunya","article_publisher":"https:\/\/www.facebook.com\/ADC.CAT\/","article_published_time":"2024-04-02T09:19:49+00:00","article_modified_time":"2024-04-03T08:07:38+00:00","og_image":[{"url":"https:\/\/adc.cat\/wp-content\/uploads\/2022\/03\/concurs-sant-jordi-2022.jpg","type":"","width":"","height":""}],"author":"Sandra","twitter_card":"summary_large_image","twitter_image":"https:\/\/adc.cat\/wp-content\/uploads\/2022\/03\/concurs-sant-jordi-2022.jpg","twitter_creator":"@ADC_CAT","twitter_site":"@ADC_CAT","twitter_misc":{"Escrito por":"Sandra","Tiempo de lectura":"5 minutos"},"schema":{"@context":"https:\/\/schema.org","@graph":[{"@type":"Article","@id":"https:\/\/adc.cat\/es\/actualidad\/concurs-dracs-roses-i-cures-sant-jordi-amb-sensibilitzacio-per-la-diabetis\/#article","isPartOf":{"@id":"https:\/\/adc.cat\/es\/actualidad\/concurs-dracs-roses-i-cures-sant-jordi-amb-sensibilitzacio-per-la-diabetis\/"},"author":{"name":"Sandra","@id":"https:\/\/adc.cat\/es\/#\/schema\/person\/c3095eda6e9c2068ff66a789795e0685"},"headline":"Concurso \u00abDragones, rosas y cuidados\u00bb: San Jorge con sensibilizaci\u00f3n por la diabetes","datePublished":"2024-04-02T09:19:49+00:00","dateModified":"2024-04-03T08:07:38+00:00","mainEntityOfPage":{"@id":"https:\/\/adc.cat\/es\/actualidad\/concurs-dracs-roses-i-cures-sant-jordi-amb-sensibilitzacio-per-la-diabetis\/"},"wordCount":757,"publisher":{"@id":"https:\/\/adc.cat\/es\/#organization"},"image":{"@id":"https:\/\/adc.cat\/es\/actualidad\/concurs-dracs-roses-i-cures-sant-jordi-amb-sensibilitzacio-per-la-diabetis\/#primaryimage"},"thumbnailUrl":"https:\/\/adc.cat\/wp-content\/uploads\/2024\/04\/CARTELL-ST-JORDI-cast.jpg","articleSection":["Actualidad","Home D"],"inLanguage":"es"},{"@type":"WebPage","@id":"https:\/\/adc.cat\/es\/actualidad\/concurs-dracs-roses-i-cures-sant-jordi-amb-sensibilitzacio-per-la-diabetis\/","url":"https:\/\/adc.cat\/es\/actualidad\/concurs-dracs-roses-i-cures-sant-jordi-amb-sensibilitzacio-per-la-diabetis\/","name":"Concurso \"Dragones, rosas y cuidados\": San Jorge con sensibilizaci\u00f3n por la diabetes - ADC \u2013 Associaci\u00f3 de Diabetis de Catalunya","isPartOf":{"@id":"https:\/\/adc.cat\/es\/#website"},"primaryImageOfPage":{"@id":"https:\/\/adc.cat\/es\/actualidad\/concurs-dracs-roses-i-cures-sant-jordi-amb-sensibilitzacio-per-la-diabetis\/#primaryimage"},"image":{"@id":"https:\/\/adc.cat\/es\/actualidad\/concurs-dracs-roses-i-cures-sant-jordi-amb-sensibilitzacio-per-la-diabetis\/#primaryimage"},"thumbnailUrl":"https:\/\/adc.cat\/wp-content\/uploads\/2024\/04\/CARTELL-ST-JORDI-cast.jpg","datePublished":"2024-04-02T09:19:49+00:00","dateModified":"2024-04-03T08:07:38+00:00","breadcrumb":{"@id":"https:\/\/adc.cat\/es\/actualidad\/concurs-dracs-roses-i-cures-sant-jordi-amb-sensibilitzacio-per-la-diabetis\/#breadcrumb"},"inLanguage":"es","potentialAction":[{"@type":"ReadAction","target":["https:\/\/adc.cat\/es\/actualidad\/concurs-dracs-roses-i-cures-sant-jordi-amb-sensibilitzacio-per-la-diabetis\/"]}]},{"@type":"ImageObject","inLanguage":"es","@id":"https:\/\/adc.cat\/es\/actualidad\/concurs-dracs-roses-i-cures-sant-jordi-amb-sensibilitzacio-per-la-diabetis\/#primaryimage","url":"https:\/\/adc.cat\/wp-content\/uploads\/2024\/04\/CARTELL-ST-JORDI-cast.jpg","contentUrl":"https:\/\/adc.cat\/wp-content\/uploads\/2024\/04\/CARTELL-ST-JORDI-cast.jpg","width":1080,"height":721},{"@type":"BreadcrumbList","@id":"https:\/\/adc.cat\/es\/actualidad\/concurs-dracs-roses-i-cures-sant-jordi-amb-sensibilitzacio-per-la-diabetis\/#breadcrumb","itemListElement":[{"@type":"ListItem","position":1,"name":"Portada","item":"https:\/\/adc.cat\/es\/"},{"@type":"ListItem","position":2,"name":"Concurso &#8220;Dragones, rosas y cuidados&#8221;: San Jorge con sensibilizaci\u00f3n por la diabetes"}]},{"@type":"WebSite","@id":"https:\/\/adc.cat\/es\/#website","url":"https:\/\/adc.cat\/es\/","name":"ADC \u2013 Associaci\u00f3 de Diabetis de Catalunya","description":"L&#039;ADC representa els pacients amb diabetis de Catalunya. Els nostres objectius: informar, aconsellar, ajudar i defensar les persones amb diabetis i promoure la sensibilitzaci\u00f3 de la resta de la societat","publisher":{"@id":"https:\/\/adc.cat\/es\/#organization"},"potentialAction":[{"@type":"SearchAction","target":{"@type":"EntryPoint","urlTemplate":"https:\/\/adc.cat\/es\/?s={search_term_string}"},"query-input":{"@type":"PropertyValueSpecification","valueRequired":true,"valueName":"search_term_string"}}],"inLanguage":"es"},{"@type":"Organization","@id":"https:\/\/adc.cat\/es\/#organization","name":"Associaci\u00f3 de Diabetis de Catalunya","url":"https:\/\/adc.cat\/es\/","logo":{"@type":"ImageObject","inLanguage":"es","@id":"https:\/\/adc.cat\/es\/#\/schema\/logo\/image\/","url":"https:\/\/adc.cat\/wp-content\/uploads\/2022\/01\/associacio_de_diabetis_catalunya.png","contentUrl":"https:\/\/adc.cat\/wp-content\/uploads\/2022\/01\/associacio_de_diabetis_catalunya.png","width":512,"height":239,"caption":"Associaci\u00f3 de Diabetis de Catalunya"},"image":{"@id":"https:\/\/adc.cat\/es\/#\/schema\/logo\/image\/"},"sameAs":["https:\/\/www.facebook.com\/ADC.CAT\/","https:\/\/x.com\/ADC_CAT","https:\/\/www.instagram.com\/adc_cat\/","https:\/\/www.linkedin.com\/company\/associacio-de-diabetis-de-catalunya","https:\/\/www.youtube.com\/channel\/UC7BiJMxG_5sHYUhMAlevAWA"]},{"@type":"Person","@id":"https:\/\/adc.cat\/es\/#\/schema\/person\/c3095eda6e9c2068ff66a789795e0685","name":"Sandra","image":{"@type":"ImageObject","inLanguage":"es","@id":"https:\/\/secure.gravatar.com\/avatar\/0a992a44e4e0c2d0d7cb96813afd74f2b3b4ba44b154a672987b5285d79bb9c0?s=96&d=mm&r=g","url":"https:\/\/secure.gravatar.com\/avatar\/0a992a44e4e0c2d0d7cb96813afd74f2b3b4ba44b154a672987b5285d79bb9c0?s=96&d=mm&r=g","contentUrl":"https:\/\/secure.gravatar.com\/avatar\/0a992a44e4e0c2d0d7cb96813afd74f2b3b4ba44b154a672987b5285d79bb9c0?s=96&d=mm&r=g","caption":"Sandra"}}]}},"_links":{"self":[{"href":"https:\/\/adc.cat\/es\/wp-json\/wp\/v2\/posts\/43234","targetHints":{"allow":["GET"]}}],"collection":[{"href":"https:\/\/adc.cat\/es\/wp-json\/wp\/v2\/posts"}],"about":[{"href":"https:\/\/adc.cat\/es\/wp-json\/wp\/v2\/types\/post"}],"author":[{"embeddable":true,"href":"https:\/\/adc.cat\/es\/wp-json\/wp\/v2\/users\/2"}],"replies":[{"embeddable":true,"href":"https:\/\/adc.cat\/es\/wp-json\/wp\/v2\/comments?post=43234"}],"version-history":[{"count":2,"href":"https:\/\/adc.cat\/es\/wp-json\/wp\/v2\/posts\/43234\/revisions"}],"predecessor-version":[{"id":43241,"href":"https:\/\/adc.cat\/es\/wp-json\/wp\/v2\/posts\/43234\/revisions\/43241"}],"wp:featuredmedia":[{"embeddable":true,"href":"https:\/\/adc.cat\/es\/wp-json\/wp\/v2\/media\/43238"}],"wp:attachment":[{"href":"https:\/\/adc.cat\/es\/wp-json\/wp\/v2\/media?parent=43234"}],"wp:term":[{"taxonomy":"category","embeddable":true,"href":"https:\/\/adc.cat\/es\/wp-json\/wp\/v2\/categories?post=43234"},{"taxonomy":"post_tag","embeddable":true,"href":"https:\/\/adc.cat\/es\/wp-json\/wp\/v2\/tags?post=43234"}],"curies":[{"name":"wp","href":"https:\/\/api.w.org\/{rel}","templated":true}]}}