{"id":43685,"date":"2024-04-29T09:49:35","date_gmt":"2024-04-29T07:49:35","guid":{"rendered":"https:\/\/adc.cat\/sin-categorizar\/ciclo-de-tecnicas-de-inyeccion-de-administracion-de-insulina\/"},"modified":"2024-04-29T10:15:57","modified_gmt":"2024-04-29T08:15:57","slug":"ciclo-de-tecnicas-de-inyeccion-de-administracion-de-insulina","status":"publish","type":"post","link":"https:\/\/adc.cat\/es\/actualidad\/ciclo-de-tecnicas-de-inyeccion-de-administracion-de-insulina\/","title":{"rendered":"Ciclo de t\u00e9cnicas de inyecci\u00f3n de administraci\u00f3n de insulina"},"content":{"rendered":"<p>Aprende a administrar insulina y descubre consejos para hacerlo en diferentes \u00e1reas del cuerpo para mejorar tu calidad de vida! Tu diabetes importa, la manera como te pinchas tambi\u00e9n. \ud83d\udc99 \u00danete a nuestras actividades para aprender estrategias de t\u00e9cnicas de inyecci\u00f3n, identificar las \u00e1reas donde eructar y como administrarte mejor la insulina t\u00fa o tu hijo\/a. \ud83d\udc49\ud83c\udffc Nuestro ciclo de t\u00e9cnicas de inyecci\u00f3n est\u00e1 dirigido tanto a personas con diabetes como a sus cuidadores, aprender a convivir con la diabetes es responsabilidad de toda la familia.<\/p>\n<p><img decoding=\"async\" class=\"aligncenter wp-image-43688 size-full\" src=\"https:\/\/adc.cat\/wp-content\/uploads\/2024\/04\/web-cast.jpg\" alt=\"\" width=\"818\" height=\"491\" srcset=\"https:\/\/adc.cat\/wp-content\/uploads\/2024\/04\/web-cast.jpg 818w, https:\/\/adc.cat\/wp-content\/uploads\/2024\/04\/web-cast-480x288.jpg 480w\" sizes=\"(min-width: 0px) and (max-width: 480px) 480px, (min-width: 481px) 818px, 100vw\" \/><\/p>\n<p><strong>\u00a0<\/strong><strong>Fechas del ciclo de t\u00e9cnicas de administraci\u00f3n de insulina:<\/strong><\/p>\n<p>\ud83d\uddd3\ufe0f 7 de mayo.<br \/>\n<strong>\ud83d\udd56 <\/strong>A las 18:00.<br \/>\n<strong>\ud83d\udccd <\/strong><strong>Tarragona: <\/strong>Asociaci\u00f3n de vecinos de la Albada: C\/ Pierre de Coubertain, 16-18 baixos, 43006.<\/p>\n<p><a href=\"https:\/\/adc.playoffinformatica.com\/activitat\/370\/Tarragona:-tecniques-d-injeccio-d-administracio-d-insulina\/\">Inscr\u00edbete aqu\u00ed al taller a Tarragona<\/a><\/p>\n<p>\ud83d\uddd3\ufe0f 16 de mayo.<br \/>\n<strong>\ud83d\udd56 <\/strong>A las 18:00.<br \/>\n<strong>\ud83d\udccd Barcelona: <\/strong>ADC Serveis Centrals: C\/Consell de Cent 143 1-3.<\/p>\n<p><a href=\"https:\/\/adc.cat\/activitat\/barcelona-taller-presencial-tecniques-dinjeccio-calcul-de-bolus-i-tipus-dinsulina\/\">Inscr\u00edbete aqu\u00ed al taller en Barcelona<\/a><\/p>\n<p>\ud83d\uddd3\ufe0f 21 de mayo.<br \/>\n<strong>\ud83d\udd56 <\/strong>A las 18:00.<br \/>\n<strong>\ud83d\udccd Igualada: <\/strong>ADC Anoia: Centre C\u00edvic Nord, C\/ Sant Mart\u00ed de Tous, 6 Igualada.<\/p>\n<p><a href=\"https:\/\/adc.playoffinformatica.com\/activitat\/366\/Igualada:-tecniques-d-injeccio-d-administracio-d-insulina\/\">Inscr\u00edbete aqu\u00ed al taller en Igualada<\/a><\/p>\n<p>&nbsp;<\/p>\n<p><strong>Descarga el cartel y ay\u00fadanos con la difussi\u00f3n para que llegue a todas las personas con diabetes de tu localidad:<\/strong><\/p>\n<p><a href=\"https:\/\/adc.cat\/wp-content\/uploads\/2024\/04\/cartell-tarragona.pdf\">Cartel A4 actividad Tarragona.<\/a><\/p>\n<p><a href=\"https:\/\/adc.cat\/wp-content\/uploads\/2024\/04\/cartell-bcn.pdf\">Cartel A4 actividad Barcelona.<\/a><\/p>\n<p><a href=\"https:\/\/adc.cat\/wp-content\/uploads\/2024\/04\/cartell-igualada.pdf\">Cartel A4 actividad Igualada.<\/a><\/p>\n<p>&nbsp;<\/p>\n<p>Estad atentos y atentas, habr\u00e1 m\u00e1s acontecimientos en otros formatos y tem\u00e1ticas. Hazte socio\/a de la ADC para que podamos seguir creando estos espacios de aprendizaje.<\/p>\n<p><a href=\"https:\/\/adc.cat\/es\/hazte-socio\/\">Hazte soci\/a de la ADC aqu\u00ed.<\/a><\/p>\n","protected":false},"excerpt":{"rendered":"<p>Aprende a administrar insulina y descubre consejos para hacerlo en diferentes \u00e1reas del cuerpo para mejorar tu calidad de vida! Tu diabetes importa, la manera como te pinchas tambi\u00e9n. \ud83d\udc99 [&hellip;]<\/p>\n","protected":false},"author":2,"featured_media":43688,"comment_status":"closed","ping_status":"closed","sticky":false,"template":"","format":"standard","meta":{"_et_pb_use_builder":"","_et_pb_old_content":"","_et_gb_content_width":"","footnotes":""},"categories":[61,67],"tags":[],"class_list":["post-43685","post","type-post","status-publish","format-standard","has-post-thumbnail","hentry","category-actualidad","category-home-d-es"],"yoast_head":"<!-- This site is optimized with the Yoast SEO plugin v27.4 - https:\/\/yoast.com\/product\/yoast-seo-wordpress\/ -->\n<title>Ciclo de t\u00e9cnicas de inyecci\u00f3n de administraci\u00f3n de insulina - ADC \u2013 Associaci\u00f3 de Diabetis de Catalunya<\/title>\n<meta name=\"robots\" content=\"index, follow, max-snippet:-1, max-image-preview:large, max-video-preview:-1\" \/>\n<link rel=\"canonical\" href=\"https:\/\/adc.cat\/es\/actualidad\/ciclo-de-tecnicas-de-inyeccion-de-administracion-de-insulina\/\" \/>\n<meta property=\"og:locale\" content=\"es_ES\" \/>\n<meta property=\"og:type\" content=\"article\" \/>\n<meta property=\"og:title\" content=\"Ciclo de t\u00e9cnicas de inyecci\u00f3n de administraci\u00f3n de insulina - ADC \u2013 Associaci\u00f3 de Diabetis de Catalunya\" \/>\n<meta property=\"og:description\" content=\"Aprende a administrar insulina y descubre consejos para hacerlo en diferentes \u00e1reas del cuerpo para mejorar tu calidad de vida! Tu diabetes importa, la manera como te pinchas tambi\u00e9n. \ud83d\udc99 [&hellip;]\" \/>\n<meta property=\"og:url\" content=\"https:\/\/adc.cat\/es\/actualidad\/ciclo-de-tecnicas-de-inyeccion-de-administracion-de-insulina\/\" \/>\n<meta property=\"og:site_name\" content=\"ADC \u2013 Associaci\u00f3 de Diabetis de Catalunya\" \/>\n<meta property=\"article:publisher\" content=\"https:\/\/www.facebook.com\/ADC.CAT\/\" \/>\n<meta property=\"article:published_time\" content=\"2024-04-29T07:49:35+00:00\" \/>\n<meta property=\"article:modified_time\" content=\"2024-04-29T08:15:57+00:00\" \/>\n<meta property=\"og:image\" content=\"https:\/\/adc.cat\/wp-content\/uploads\/2023\/04\/esgotades-verano.jpg\" \/>\n<meta name=\"author\" content=\"Sandra\" \/>\n<meta name=\"twitter:card\" content=\"summary_large_image\" \/>\n<meta name=\"twitter:image\" content=\"https:\/\/adc.cat\/wp-content\/uploads\/2023\/04\/esgotades-verano.jpg\" \/>\n<meta name=\"twitter:creator\" content=\"@ADC_CAT\" \/>\n<meta name=\"twitter:site\" content=\"@ADC_CAT\" \/>\n<meta name=\"twitter:label1\" content=\"Escrito por\" \/>\n\t<meta name=\"twitter:data1\" content=\"Sandra\" \/>\n\t<meta name=\"twitter:label2\" content=\"Tiempo de lectura\" \/>\n\t<meta name=\"twitter:data2\" content=\"2 minutos\" \/>\n<script type=\"application\/ld+json\" class=\"yoast-schema-graph\">{\"@context\":\"https:\\\/\\\/schema.org\",\"@graph\":[{\"@type\":\"Article\",\"@id\":\"https:\\\/\\\/adc.cat\\\/es\\\/actualidad\\\/ciclo-de-tecnicas-de-inyeccion-de-administracion-de-insulina\\\/#article\",\"isPartOf\":{\"@id\":\"https:\\\/\\\/adc.cat\\\/es\\\/actualidad\\\/ciclo-de-tecnicas-de-inyeccion-de-administracion-de-insulina\\\/\"},\"author\":{\"name\":\"Sandra\",\"@id\":\"https:\\\/\\\/adc.cat\\\/es\\\/#\\\/schema\\\/person\\\/c3095eda6e9c2068ff66a789795e0685\"},\"headline\":\"Ciclo de t\u00e9cnicas de inyecci\u00f3n de administraci\u00f3n de insulina\",\"datePublished\":\"2024-04-29T07:49:35+00:00\",\"dateModified\":\"2024-04-29T08:15:57+00:00\",\"mainEntityOfPage\":{\"@id\":\"https:\\\/\\\/adc.cat\\\/es\\\/actualidad\\\/ciclo-de-tecnicas-de-inyeccion-de-administracion-de-insulina\\\/\"},\"wordCount\":254,\"publisher\":{\"@id\":\"https:\\\/\\\/adc.cat\\\/es\\\/#organization\"},\"image\":{\"@id\":\"https:\\\/\\\/adc.cat\\\/es\\\/actualidad\\\/ciclo-de-tecnicas-de-inyeccion-de-administracion-de-insulina\\\/#primaryimage\"},\"thumbnailUrl\":\"https:\\\/\\\/adc.cat\\\/wp-content\\\/uploads\\\/2024\\\/04\\\/web-cast.jpg\",\"articleSection\":[\"Actualidad\",\"Home D\"],\"inLanguage\":\"es\"},{\"@type\":\"WebPage\",\"@id\":\"https:\\\/\\\/adc.cat\\\/es\\\/actualidad\\\/ciclo-de-tecnicas-de-inyeccion-de-administracion-de-insulina\\\/\",\"url\":\"https:\\\/\\\/adc.cat\\\/es\\\/actualidad\\\/ciclo-de-tecnicas-de-inyeccion-de-administracion-de-insulina\\\/\",\"name\":\"Ciclo de t\u00e9cnicas de inyecci\u00f3n de administraci\u00f3n de insulina - ADC \u2013 Associaci\u00f3 de Diabetis de Catalunya\",\"isPartOf\":{\"@id\":\"https:\\\/\\\/adc.cat\\\/es\\\/#website\"},\"primaryImageOfPage\":{\"@id\":\"https:\\\/\\\/adc.cat\\\/es\\\/actualidad\\\/ciclo-de-tecnicas-de-inyeccion-de-administracion-de-insulina\\\/#primaryimage\"},\"image\":{\"@id\":\"https:\\\/\\\/adc.cat\\\/es\\\/actualidad\\\/ciclo-de-tecnicas-de-inyeccion-de-administracion-de-insulina\\\/#primaryimage\"},\"thumbnailUrl\":\"https:\\\/\\\/adc.cat\\\/wp-content\\\/uploads\\\/2024\\\/04\\\/web-cast.jpg\",\"datePublished\":\"2024-04-29T07:49:35+00:00\",\"dateModified\":\"2024-04-29T08:15:57+00:00\",\"breadcrumb\":{\"@id\":\"https:\\\/\\\/adc.cat\\\/es\\\/actualidad\\\/ciclo-de-tecnicas-de-inyeccion-de-administracion-de-insulina\\\/#breadcrumb\"},\"inLanguage\":\"es\",\"potentialAction\":[{\"@type\":\"ReadAction\",\"target\":[\"https:\\\/\\\/adc.cat\\\/es\\\/actualidad\\\/ciclo-de-tecnicas-de-inyeccion-de-administracion-de-insulina\\\/\"]}]},{\"@type\":\"ImageObject\",\"inLanguage\":\"es\",\"@id\":\"https:\\\/\\\/adc.cat\\\/es\\\/actualidad\\\/ciclo-de-tecnicas-de-inyeccion-de-administracion-de-insulina\\\/#primaryimage\",\"url\":\"https:\\\/\\\/adc.cat\\\/wp-content\\\/uploads\\\/2024\\\/04\\\/web-cast.jpg\",\"contentUrl\":\"https:\\\/\\\/adc.cat\\\/wp-content\\\/uploads\\\/2024\\\/04\\\/web-cast.jpg\",\"width\":818,\"height\":491},{\"@type\":\"BreadcrumbList\",\"@id\":\"https:\\\/\\\/adc.cat\\\/es\\\/actualidad\\\/ciclo-de-tecnicas-de-inyeccion-de-administracion-de-insulina\\\/#breadcrumb\",\"itemListElement\":[{\"@type\":\"ListItem\",\"position\":1,\"name\":\"Portada\",\"item\":\"https:\\\/\\\/adc.cat\\\/es\\\/\"},{\"@type\":\"ListItem\",\"position\":2,\"name\":\"Ciclo de t\u00e9cnicas de inyecci\u00f3n de administraci\u00f3n de insulina\"}]},{\"@type\":\"WebSite\",\"@id\":\"https:\\\/\\\/adc.cat\\\/es\\\/#website\",\"url\":\"https:\\\/\\\/adc.cat\\\/es\\\/\",\"name\":\"ADC \u2013 Associaci\u00f3 de Diabetis de Catalunya\",\"description\":\"L&#039;ADC representa els pacients amb diabetis de Catalunya. Els nostres objectius: informar, aconsellar, ajudar i defensar les persones amb diabetis i promoure la sensibilitzaci\u00f3 de la resta de la societat\",\"publisher\":{\"@id\":\"https:\\\/\\\/adc.cat\\\/es\\\/#organization\"},\"potentialAction\":[{\"@type\":\"SearchAction\",\"target\":{\"@type\":\"EntryPoint\",\"urlTemplate\":\"https:\\\/\\\/adc.cat\\\/es\\\/?s={search_term_string}\"},\"query-input\":{\"@type\":\"PropertyValueSpecification\",\"valueRequired\":true,\"valueName\":\"search_term_string\"}}],\"inLanguage\":\"es\"},{\"@type\":\"Organization\",\"@id\":\"https:\\\/\\\/adc.cat\\\/es\\\/#organization\",\"name\":\"Associaci\u00f3 de Diabetis de Catalunya\",\"url\":\"https:\\\/\\\/adc.cat\\\/es\\\/\",\"logo\":{\"@type\":\"ImageObject\",\"inLanguage\":\"es\",\"@id\":\"https:\\\/\\\/adc.cat\\\/es\\\/#\\\/schema\\\/logo\\\/image\\\/\",\"url\":\"https:\\\/\\\/adc.cat\\\/wp-content\\\/uploads\\\/2022\\\/01\\\/associacio_de_diabetis_catalunya.png\",\"contentUrl\":\"https:\\\/\\\/adc.cat\\\/wp-content\\\/uploads\\\/2022\\\/01\\\/associacio_de_diabetis_catalunya.png\",\"width\":512,\"height\":239,\"caption\":\"Associaci\u00f3 de Diabetis de Catalunya\"},\"image\":{\"@id\":\"https:\\\/\\\/adc.cat\\\/es\\\/#\\\/schema\\\/logo\\\/image\\\/\"},\"sameAs\":[\"https:\\\/\\\/www.facebook.com\\\/ADC.CAT\\\/\",\"https:\\\/\\\/x.com\\\/ADC_CAT\",\"https:\\\/\\\/www.instagram.com\\\/adc_cat\\\/\",\"https:\\\/\\\/www.linkedin.com\\\/company\\\/associacio-de-diabetis-de-catalunya\",\"https:\\\/\\\/www.youtube.com\\\/channel\\\/UC7BiJMxG_5sHYUhMAlevAWA\"]},{\"@type\":\"Person\",\"@id\":\"https:\\\/\\\/adc.cat\\\/es\\\/#\\\/schema\\\/person\\\/c3095eda6e9c2068ff66a789795e0685\",\"name\":\"Sandra\",\"image\":{\"@type\":\"ImageObject\",\"inLanguage\":\"es\",\"@id\":\"https:\\\/\\\/secure.gravatar.com\\\/avatar\\\/0a992a44e4e0c2d0d7cb96813afd74f2b3b4ba44b154a672987b5285d79bb9c0?s=96&d=mm&r=g\",\"url\":\"https:\\\/\\\/secure.gravatar.com\\\/avatar\\\/0a992a44e4e0c2d0d7cb96813afd74f2b3b4ba44b154a672987b5285d79bb9c0?s=96&d=mm&r=g\",\"contentUrl\":\"https:\\\/\\\/secure.gravatar.com\\\/avatar\\\/0a992a44e4e0c2d0d7cb96813afd74f2b3b4ba44b154a672987b5285d79bb9c0?s=96&d=mm&r=g\",\"caption\":\"Sandra\"}}]}<\/script>\n<!-- \/ Yoast SEO plugin. -->","yoast_head_json":{"title":"Ciclo de t\u00e9cnicas de inyecci\u00f3n de administraci\u00f3n de insulina - ADC \u2013 Associaci\u00f3 de Diabetis de Catalunya","robots":{"index":"index","follow":"follow","max-snippet":"max-snippet:-1","max-image-preview":"max-image-preview:large","max-video-preview":"max-video-preview:-1"},"canonical":"https:\/\/adc.cat\/es\/actualidad\/ciclo-de-tecnicas-de-inyeccion-de-administracion-de-insulina\/","og_locale":"es_ES","og_type":"article","og_title":"Ciclo de t\u00e9cnicas de inyecci\u00f3n de administraci\u00f3n de insulina - ADC \u2013 Associaci\u00f3 de Diabetis de Catalunya","og_description":"Aprende a administrar insulina y descubre consejos para hacerlo en diferentes \u00e1reas del cuerpo para mejorar tu calidad de vida! Tu diabetes importa, la manera como te pinchas tambi\u00e9n. \ud83d\udc99 [&hellip;]","og_url":"https:\/\/adc.cat\/es\/actualidad\/ciclo-de-tecnicas-de-inyeccion-de-administracion-de-insulina\/","og_site_name":"ADC \u2013 Associaci\u00f3 de Diabetis de Catalunya","article_publisher":"https:\/\/www.facebook.com\/ADC.CAT\/","article_published_time":"2024-04-29T07:49:35+00:00","article_modified_time":"2024-04-29T08:15:57+00:00","og_image":[{"url":"https:\/\/adc.cat\/wp-content\/uploads\/2023\/04\/esgotades-verano.jpg","type":"","width":"","height":""}],"author":"Sandra","twitter_card":"summary_large_image","twitter_image":"https:\/\/adc.cat\/wp-content\/uploads\/2023\/04\/esgotades-verano.jpg","twitter_creator":"@ADC_CAT","twitter_site":"@ADC_CAT","twitter_misc":{"Escrito por":"Sandra","Tiempo de lectura":"2 minutos"},"schema":{"@context":"https:\/\/schema.org","@graph":[{"@type":"Article","@id":"https:\/\/adc.cat\/es\/actualidad\/ciclo-de-tecnicas-de-inyeccion-de-administracion-de-insulina\/#article","isPartOf":{"@id":"https:\/\/adc.cat\/es\/actualidad\/ciclo-de-tecnicas-de-inyeccion-de-administracion-de-insulina\/"},"author":{"name":"Sandra","@id":"https:\/\/adc.cat\/es\/#\/schema\/person\/c3095eda6e9c2068ff66a789795e0685"},"headline":"Ciclo de t\u00e9cnicas de inyecci\u00f3n de administraci\u00f3n de insulina","datePublished":"2024-04-29T07:49:35+00:00","dateModified":"2024-04-29T08:15:57+00:00","mainEntityOfPage":{"@id":"https:\/\/adc.cat\/es\/actualidad\/ciclo-de-tecnicas-de-inyeccion-de-administracion-de-insulina\/"},"wordCount":254,"publisher":{"@id":"https:\/\/adc.cat\/es\/#organization"},"image":{"@id":"https:\/\/adc.cat\/es\/actualidad\/ciclo-de-tecnicas-de-inyeccion-de-administracion-de-insulina\/#primaryimage"},"thumbnailUrl":"https:\/\/adc.cat\/wp-content\/uploads\/2024\/04\/web-cast.jpg","articleSection":["Actualidad","Home D"],"inLanguage":"es"},{"@type":"WebPage","@id":"https:\/\/adc.cat\/es\/actualidad\/ciclo-de-tecnicas-de-inyeccion-de-administracion-de-insulina\/","url":"https:\/\/adc.cat\/es\/actualidad\/ciclo-de-tecnicas-de-inyeccion-de-administracion-de-insulina\/","name":"Ciclo de t\u00e9cnicas de inyecci\u00f3n de administraci\u00f3n de insulina - ADC \u2013 Associaci\u00f3 de Diabetis de Catalunya","isPartOf":{"@id":"https:\/\/adc.cat\/es\/#website"},"primaryImageOfPage":{"@id":"https:\/\/adc.cat\/es\/actualidad\/ciclo-de-tecnicas-de-inyeccion-de-administracion-de-insulina\/#primaryimage"},"image":{"@id":"https:\/\/adc.cat\/es\/actualidad\/ciclo-de-tecnicas-de-inyeccion-de-administracion-de-insulina\/#primaryimage"},"thumbnailUrl":"https:\/\/adc.cat\/wp-content\/uploads\/2024\/04\/web-cast.jpg","datePublished":"2024-04-29T07:49:35+00:00","dateModified":"2024-04-29T08:15:57+00:00","breadcrumb":{"@id":"https:\/\/adc.cat\/es\/actualidad\/ciclo-de-tecnicas-de-inyeccion-de-administracion-de-insulina\/#breadcrumb"},"inLanguage":"es","potentialAction":[{"@type":"ReadAction","target":["https:\/\/adc.cat\/es\/actualidad\/ciclo-de-tecnicas-de-inyeccion-de-administracion-de-insulina\/"]}]},{"@type":"ImageObject","inLanguage":"es","@id":"https:\/\/adc.cat\/es\/actualidad\/ciclo-de-tecnicas-de-inyeccion-de-administracion-de-insulina\/#primaryimage","url":"https:\/\/adc.cat\/wp-content\/uploads\/2024\/04\/web-cast.jpg","contentUrl":"https:\/\/adc.cat\/wp-content\/uploads\/2024\/04\/web-cast.jpg","width":818,"height":491},{"@type":"BreadcrumbList","@id":"https:\/\/adc.cat\/es\/actualidad\/ciclo-de-tecnicas-de-inyeccion-de-administracion-de-insulina\/#breadcrumb","itemListElement":[{"@type":"ListItem","position":1,"name":"Portada","item":"https:\/\/adc.cat\/es\/"},{"@type":"ListItem","position":2,"name":"Ciclo de t\u00e9cnicas de inyecci\u00f3n de administraci\u00f3n de insulina"}]},{"@type":"WebSite","@id":"https:\/\/adc.cat\/es\/#website","url":"https:\/\/adc.cat\/es\/","name":"ADC \u2013 Associaci\u00f3 de Diabetis de Catalunya","description":"L&#039;ADC representa els pacients amb diabetis de Catalunya. Els nostres objectius: informar, aconsellar, ajudar i defensar les persones amb diabetis i promoure la sensibilitzaci\u00f3 de la resta de la societat","publisher":{"@id":"https:\/\/adc.cat\/es\/#organization"},"potentialAction":[{"@type":"SearchAction","target":{"@type":"EntryPoint","urlTemplate":"https:\/\/adc.cat\/es\/?s={search_term_string}"},"query-input":{"@type":"PropertyValueSpecification","valueRequired":true,"valueName":"search_term_string"}}],"inLanguage":"es"},{"@type":"Organization","@id":"https:\/\/adc.cat\/es\/#organization","name":"Associaci\u00f3 de Diabetis de Catalunya","url":"https:\/\/adc.cat\/es\/","logo":{"@type":"ImageObject","inLanguage":"es","@id":"https:\/\/adc.cat\/es\/#\/schema\/logo\/image\/","url":"https:\/\/adc.cat\/wp-content\/uploads\/2022\/01\/associacio_de_diabetis_catalunya.png","contentUrl":"https:\/\/adc.cat\/wp-content\/uploads\/2022\/01\/associacio_de_diabetis_catalunya.png","width":512,"height":239,"caption":"Associaci\u00f3 de Diabetis de Catalunya"},"image":{"@id":"https:\/\/adc.cat\/es\/#\/schema\/logo\/image\/"},"sameAs":["https:\/\/www.facebook.com\/ADC.CAT\/","https:\/\/x.com\/ADC_CAT","https:\/\/www.instagram.com\/adc_cat\/","https:\/\/www.linkedin.com\/company\/associacio-de-diabetis-de-catalunya","https:\/\/www.youtube.com\/channel\/UC7BiJMxG_5sHYUhMAlevAWA"]},{"@type":"Person","@id":"https:\/\/adc.cat\/es\/#\/schema\/person\/c3095eda6e9c2068ff66a789795e0685","name":"Sandra","image":{"@type":"ImageObject","inLanguage":"es","@id":"https:\/\/secure.gravatar.com\/avatar\/0a992a44e4e0c2d0d7cb96813afd74f2b3b4ba44b154a672987b5285d79bb9c0?s=96&d=mm&r=g","url":"https:\/\/secure.gravatar.com\/avatar\/0a992a44e4e0c2d0d7cb96813afd74f2b3b4ba44b154a672987b5285d79bb9c0?s=96&d=mm&r=g","contentUrl":"https:\/\/secure.gravatar.com\/avatar\/0a992a44e4e0c2d0d7cb96813afd74f2b3b4ba44b154a672987b5285d79bb9c0?s=96&d=mm&r=g","caption":"Sandra"}}]}},"_links":{"self":[{"href":"https:\/\/adc.cat\/es\/wp-json\/wp\/v2\/posts\/43685","targetHints":{"allow":["GET"]}}],"collection":[{"href":"https:\/\/adc.cat\/es\/wp-json\/wp\/v2\/posts"}],"about":[{"href":"https:\/\/adc.cat\/es\/wp-json\/wp\/v2\/types\/post"}],"author":[{"embeddable":true,"href":"https:\/\/adc.cat\/es\/wp-json\/wp\/v2\/users\/2"}],"replies":[{"embeddable":true,"href":"https:\/\/adc.cat\/es\/wp-json\/wp\/v2\/comments?post=43685"}],"version-history":[{"count":4,"href":"https:\/\/adc.cat\/es\/wp-json\/wp\/v2\/posts\/43685\/revisions"}],"predecessor-version":[{"id":43692,"href":"https:\/\/adc.cat\/es\/wp-json\/wp\/v2\/posts\/43685\/revisions\/43692"}],"wp:featuredmedia":[{"embeddable":true,"href":"https:\/\/adc.cat\/es\/wp-json\/wp\/v2\/media\/43688"}],"wp:attachment":[{"href":"https:\/\/adc.cat\/es\/wp-json\/wp\/v2\/media?parent=43685"}],"wp:term":[{"taxonomy":"category","embeddable":true,"href":"https:\/\/adc.cat\/es\/wp-json\/wp\/v2\/categories?post=43685"},{"taxonomy":"post_tag","embeddable":true,"href":"https:\/\/adc.cat\/es\/wp-json\/wp\/v2\/tags?post=43685"}],"curies":[{"name":"wp","href":"https:\/\/api.w.org\/{rel}","templated":true}]}}