{"id":45755,"date":"2024-07-01T10:20:17","date_gmt":"2024-07-01T08:20:17","guid":{"rendered":"https:\/\/adc.cat\/sin-categorizar\/horario-de-verano-del-adc\/"},"modified":"2024-07-01T10:53:43","modified_gmt":"2024-07-01T08:53:43","slug":"horario-de-verano-del-adc","status":"publish","type":"post","link":"https:\/\/adc.cat\/es\/blog-es\/horario-de-verano-del-adc\/","title":{"rendered":"Horario de verano de la ADC"},"content":{"rendered":"<p>[et_pb_section fb_built=\u00bb1&#8243; _builder_version=\u00bb4.9.2&#8243; background_color=\u00bb#FFFFFF\u00bb][et_pb_row _builder_version=\u00bb4.9.2&#8243; background_size=\u00bbinitial\u00bb background_position=\u00bbtop_left\u00bb background_repeat=\u00bbrepeat\u00bb][et_pb_column type=\u00bb4_4&#8243; _builder_version=\u00bb4.9.2&#8243; custom_padding=\u00bb|||\u00bb custom_padding__hover=\u00bb|||\u00bb][et_pb_text _builder_version=\u00bb4.9.2&#8243; background_size=\u00bbinitial\u00bb background_position=\u00bbtop_left\u00bb background_repeat=\u00bbrepeat\u00bb]<\/p>\n<p><span style=\"font-size: 24px;\"><span style=\"white-space: pre-wrap;\">\u00a1Nuevo horario de las delegaciones de la ADC durante el verano! <\/span><\/span><\/p>\n<p><span style=\"font-size: 24px;\"><span style=\"white-space: pre-wrap;\">En la mayoria de las delegaciones, en julio haremos horario intensivo en agosto, tendremos las delegaciones cerradas. Para especificaciones puntuales, <a href=\"https:\/\/adc.cat\/es\/delegaciones\/\">consulta aqu\u00ed para m\u00e1s informaci\u00f3n.<\/a><\/span><\/span><\/p>\n<p>[\/et_pb_text][\/et_pb_column][\/et_pb_row][\/et_pb_section][et_pb_section fb_built=\u00bb1&#8243; _builder_version=\u00bb4.9.2&#8243; _module_preset=\u00bbdefault\u00bb background_color=\u00bb#eef4f9&#8243; locked=\u00bboff\u00bb][et_pb_row _builder_version=\u00bb4.9.2&#8243; _module_preset=\u00bbdefault\u00bb][et_pb_column type=\u00bb4_4&#8243; _builder_version=\u00bb4.9.2&#8243; _module_preset=\u00bbdefault\u00bb][et_pb_text _builder_version=\u00bb4.9.2&#8243; _module_preset=\u00bbdefault\u00bb text_font_size=\u00bb16px\u00bb custom_margin=\u00bb||-4px|||\u00bb]<\/p>\n<h1 style=\"text-align: center;\"><span style=\"font-size: x-large;\"><span style=\"font-size: medium;\">Si quieres estar al d\u00eda de la diabetes&#8230;<br \/><\/span><\/span><\/h1>\n<p>[\/et_pb_text][et_pb_text _builder_version=\u00bb4.9.2&#8243; _module_preset=\u00bbdefault\u00bb custom_margin=\u00bb2px||-3px|||\u00bb]<\/p>\n<h1 style=\"text-align: center;\"><span style=\"font-size: xx-large; color: #333333;\">\u00a1\u00danete a la comunidad que lucha por tus derechos!<br \/><\/span><\/h1>\n<p>[\/et_pb_text][et_pb_text _builder_version=\u00bb4.9.2&#8243; _module_preset=\u00bbdefault\u00bb custom_margin=\u00bb22px||22px|||\u00bb custom_padding=\u00bb0px|||||\u00bb]<\/p>\n<p style=\"text-align: center;\"><span style=\"font-size: medium;\">Hay m\u00e1s de 700.000 personas con diabetes en Catalunya, \u00fanete para estar al d\u00eda de las novedades y recursos gratuitos para continuar aprendiendo. Al ser utilidad p\u00fablica, en la renda puedes desgravarte el 80% de la cuota, as\u00f3ciate por 12\u20ac\/a\u00f1o.<\/span><\/p>\n<p>[\/et_pb_text][\/et_pb_column][\/et_pb_row][et_pb_row column_structure=\u00bb1_2,1_2&#8243; _builder_version=\u00bb4.9.2&#8243; _module_preset=\u00bbdefault\u00bb][et_pb_column type=\u00bb1_2&#8243; _builder_version=\u00bb4.9.2&#8243; _module_preset=\u00bbdefault\u00bb][et_pb_button button_url=\u00bbhttps:\/\/adc.cat\/es\/hazte-socio\/\u00bb button_text=\u00bbHazte socio\/a\u00bb button_alignment=\u00bbcenter\u00bb _builder_version=\u00bb4.9.2&#8243; _module_preset=\u00bbdefault\u00bb custom_button=\u00bbon\u00bb button_text_color=\u00bb#000000&#8243; button_border_radius=\u00bb31px\u00bb][\/et_pb_button][\/et_pb_column][et_pb_column type=\u00bb1_2&#8243; _builder_version=\u00bb4.9.2&#8243; _module_preset=\u00bbdefault\u00bb][et_pb_button button_url=\u00bbhttps:\/\/adc.cat\/es\/adc-associacio-diabetis-catalunya\/donaciones\/\u00bb button_text=\u00bbHaz una donaci\u00f3n\u00bb button_alignment=\u00bbcenter\u00bb _builder_version=\u00bb4.9.2&#8243; _module_preset=\u00bbdefault\u00bb custom_button=\u00bbon\u00bb button_text_color=\u00bb#eef4f9&#8243; button_bg_color=\u00bb#000000&#8243; button_border_color=\u00bbRGBA(0,0,0,0)\u00bb button_border_radius=\u00bb31px\u00bb][\/et_pb_button][\/et_pb_column][\/et_pb_row][\/et_pb_section]<\/p>\n","protected":false},"excerpt":{"rendered":"<p>Horario de verano de la ADC<\/p>\n","protected":false},"author":2,"featured_media":45794,"comment_status":"closed","ping_status":"closed","sticky":false,"template":"","format":"standard","meta":{"_et_pb_use_builder":"on","_et_pb_old_content":"","_et_gb_content_width":"","footnotes":""},"categories":[90,67],"tags":[],"class_list":["post-45755","post","type-post","status-publish","format-standard","has-post-thumbnail","hentry","category-blog-es","category-home-d-es"],"yoast_head":"<!-- This site is optimized with the Yoast SEO plugin v27.4 - https:\/\/yoast.com\/product\/yoast-seo-wordpress\/ -->\n<title>Horario de verano de la ADC - ADC \u2013 Associaci\u00f3 de Diabetis de Catalunya<\/title>\n<meta name=\"description\" content=\"Horario de verano del ADC\" \/>\n<meta name=\"robots\" content=\"index, follow, max-snippet:-1, max-image-preview:large, max-video-preview:-1\" \/>\n<link rel=\"canonical\" href=\"https:\/\/adc.cat\/es\/blog-es\/horario-de-verano-del-adc\/\" \/>\n<meta property=\"og:locale\" content=\"es_ES\" \/>\n<meta property=\"og:type\" content=\"article\" \/>\n<meta property=\"og:title\" content=\"Horario de verano del ADC\" \/>\n<meta property=\"og:description\" content=\"Horario de verano del ADC\" \/>\n<meta property=\"og:url\" content=\"https:\/\/adc.cat\/es\/blog-es\/horario-de-verano-del-adc\/\" \/>\n<meta property=\"og:site_name\" content=\"ADC \u2013 Associaci\u00f3 de Diabetis de Catalunya\" \/>\n<meta property=\"article:publisher\" content=\"https:\/\/www.facebook.com\/ADC.CAT\/\" \/>\n<meta property=\"article:published_time\" content=\"2024-07-01T08:20:17+00:00\" \/>\n<meta property=\"article:modified_time\" content=\"2024-07-01T08:53:43+00:00\" \/>\n<meta property=\"og:image\" content=\"https:\/\/adc.cat\/wp-content\/uploads\/2023\/05\/menu-mensual-mayo-1024x576.jpg\" \/>\n<meta name=\"author\" content=\"Sandra\" \/>\n<meta name=\"twitter:card\" content=\"summary_large_image\" \/>\n<meta name=\"twitter:title\" content=\"Horario de verano del ADC\" \/>\n<meta name=\"twitter:description\" content=\"Horario de verano del ADC\" \/>\n<meta name=\"twitter:image\" content=\"https:\/\/adc.cat\/wp-content\/uploads\/2023\/05\/menu-mensual-mayo-1024x576.jpg\" \/>\n<meta name=\"twitter:creator\" content=\"@ADC_CAT\" \/>\n<meta name=\"twitter:site\" content=\"@ADC_CAT\" \/>\n<meta name=\"twitter:label1\" content=\"Escrito por\" \/>\n\t<meta name=\"twitter:data1\" content=\"Sandra\" \/>\n\t<meta name=\"twitter:label2\" content=\"Tiempo de lectura\" \/>\n\t<meta name=\"twitter:data2\" content=\"1 minuto\" \/>\n<script type=\"application\/ld+json\" class=\"yoast-schema-graph\">{\"@context\":\"https:\\\/\\\/schema.org\",\"@graph\":[{\"@type\":\"Article\",\"@id\":\"https:\\\/\\\/adc.cat\\\/es\\\/blog-es\\\/horario-de-verano-del-adc\\\/#article\",\"isPartOf\":{\"@id\":\"https:\\\/\\\/adc.cat\\\/es\\\/blog-es\\\/horario-de-verano-del-adc\\\/\"},\"author\":{\"name\":\"Sandra\",\"@id\":\"https:\\\/\\\/adc.cat\\\/es\\\/#\\\/schema\\\/person\\\/c3095eda6e9c2068ff66a789795e0685\"},\"headline\":\"Horario de verano de la ADC\",\"datePublished\":\"2024-07-01T08:20:17+00:00\",\"dateModified\":\"2024-07-01T08:53:43+00:00\",\"mainEntityOfPage\":{\"@id\":\"https:\\\/\\\/adc.cat\\\/es\\\/blog-es\\\/horario-de-verano-del-adc\\\/\"},\"wordCount\":383,\"publisher\":{\"@id\":\"https:\\\/\\\/adc.cat\\\/es\\\/#organization\"},\"image\":{\"@id\":\"https:\\\/\\\/adc.cat\\\/es\\\/blog-es\\\/horario-de-verano-del-adc\\\/#primaryimage\"},\"thumbnailUrl\":\"https:\\\/\\\/adc.cat\\\/wp-content\\\/uploads\\\/2024\\\/07\\\/4-cast.jpg\",\"articleSection\":[\"Blog\",\"Home D\"],\"inLanguage\":\"es\"},{\"@type\":\"WebPage\",\"@id\":\"https:\\\/\\\/adc.cat\\\/es\\\/blog-es\\\/horario-de-verano-del-adc\\\/\",\"url\":\"https:\\\/\\\/adc.cat\\\/es\\\/blog-es\\\/horario-de-verano-del-adc\\\/\",\"name\":\"Horario de verano de la ADC - ADC \u2013 Associaci\u00f3 de Diabetis de Catalunya\",\"isPartOf\":{\"@id\":\"https:\\\/\\\/adc.cat\\\/es\\\/#website\"},\"primaryImageOfPage\":{\"@id\":\"https:\\\/\\\/adc.cat\\\/es\\\/blog-es\\\/horario-de-verano-del-adc\\\/#primaryimage\"},\"image\":{\"@id\":\"https:\\\/\\\/adc.cat\\\/es\\\/blog-es\\\/horario-de-verano-del-adc\\\/#primaryimage\"},\"thumbnailUrl\":\"https:\\\/\\\/adc.cat\\\/wp-content\\\/uploads\\\/2024\\\/07\\\/4-cast.jpg\",\"datePublished\":\"2024-07-01T08:20:17+00:00\",\"dateModified\":\"2024-07-01T08:53:43+00:00\",\"description\":\"Horario de verano del ADC\",\"breadcrumb\":{\"@id\":\"https:\\\/\\\/adc.cat\\\/es\\\/blog-es\\\/horario-de-verano-del-adc\\\/#breadcrumb\"},\"inLanguage\":\"es\",\"potentialAction\":[{\"@type\":\"ReadAction\",\"target\":[\"https:\\\/\\\/adc.cat\\\/es\\\/blog-es\\\/horario-de-verano-del-adc\\\/\"]}]},{\"@type\":\"ImageObject\",\"inLanguage\":\"es\",\"@id\":\"https:\\\/\\\/adc.cat\\\/es\\\/blog-es\\\/horario-de-verano-del-adc\\\/#primaryimage\",\"url\":\"https:\\\/\\\/adc.cat\\\/wp-content\\\/uploads\\\/2024\\\/07\\\/4-cast.jpg\",\"contentUrl\":\"https:\\\/\\\/adc.cat\\\/wp-content\\\/uploads\\\/2024\\\/07\\\/4-cast.jpg\",\"width\":1080,\"height\":721},{\"@type\":\"BreadcrumbList\",\"@id\":\"https:\\\/\\\/adc.cat\\\/es\\\/blog-es\\\/horario-de-verano-del-adc\\\/#breadcrumb\",\"itemListElement\":[{\"@type\":\"ListItem\",\"position\":1,\"name\":\"Portada\",\"item\":\"https:\\\/\\\/adc.cat\\\/es\\\/\"},{\"@type\":\"ListItem\",\"position\":2,\"name\":\"Horario de verano de la ADC\"}]},{\"@type\":\"WebSite\",\"@id\":\"https:\\\/\\\/adc.cat\\\/es\\\/#website\",\"url\":\"https:\\\/\\\/adc.cat\\\/es\\\/\",\"name\":\"ADC \u2013 Associaci\u00f3 de Diabetis de Catalunya\",\"description\":\"L&#039;ADC representa els pacients amb diabetis de Catalunya. Els nostres objectius: informar, aconsellar, ajudar i defensar les persones amb diabetis i promoure la sensibilitzaci\u00f3 de la resta de la societat\",\"publisher\":{\"@id\":\"https:\\\/\\\/adc.cat\\\/es\\\/#organization\"},\"potentialAction\":[{\"@type\":\"SearchAction\",\"target\":{\"@type\":\"EntryPoint\",\"urlTemplate\":\"https:\\\/\\\/adc.cat\\\/es\\\/?s={search_term_string}\"},\"query-input\":{\"@type\":\"PropertyValueSpecification\",\"valueRequired\":true,\"valueName\":\"search_term_string\"}}],\"inLanguage\":\"es\"},{\"@type\":\"Organization\",\"@id\":\"https:\\\/\\\/adc.cat\\\/es\\\/#organization\",\"name\":\"Associaci\u00f3 de Diabetis de Catalunya\",\"url\":\"https:\\\/\\\/adc.cat\\\/es\\\/\",\"logo\":{\"@type\":\"ImageObject\",\"inLanguage\":\"es\",\"@id\":\"https:\\\/\\\/adc.cat\\\/es\\\/#\\\/schema\\\/logo\\\/image\\\/\",\"url\":\"https:\\\/\\\/adc.cat\\\/wp-content\\\/uploads\\\/2022\\\/01\\\/associacio_de_diabetis_catalunya.png\",\"contentUrl\":\"https:\\\/\\\/adc.cat\\\/wp-content\\\/uploads\\\/2022\\\/01\\\/associacio_de_diabetis_catalunya.png\",\"width\":512,\"height\":239,\"caption\":\"Associaci\u00f3 de Diabetis de Catalunya\"},\"image\":{\"@id\":\"https:\\\/\\\/adc.cat\\\/es\\\/#\\\/schema\\\/logo\\\/image\\\/\"},\"sameAs\":[\"https:\\\/\\\/www.facebook.com\\\/ADC.CAT\\\/\",\"https:\\\/\\\/x.com\\\/ADC_CAT\",\"https:\\\/\\\/www.instagram.com\\\/adc_cat\\\/\",\"https:\\\/\\\/www.linkedin.com\\\/company\\\/associacio-de-diabetis-de-catalunya\",\"https:\\\/\\\/www.youtube.com\\\/channel\\\/UC7BiJMxG_5sHYUhMAlevAWA\"]},{\"@type\":\"Person\",\"@id\":\"https:\\\/\\\/adc.cat\\\/es\\\/#\\\/schema\\\/person\\\/c3095eda6e9c2068ff66a789795e0685\",\"name\":\"Sandra\",\"image\":{\"@type\":\"ImageObject\",\"inLanguage\":\"es\",\"@id\":\"https:\\\/\\\/secure.gravatar.com\\\/avatar\\\/0a992a44e4e0c2d0d7cb96813afd74f2b3b4ba44b154a672987b5285d79bb9c0?s=96&d=mm&r=g\",\"url\":\"https:\\\/\\\/secure.gravatar.com\\\/avatar\\\/0a992a44e4e0c2d0d7cb96813afd74f2b3b4ba44b154a672987b5285d79bb9c0?s=96&d=mm&r=g\",\"contentUrl\":\"https:\\\/\\\/secure.gravatar.com\\\/avatar\\\/0a992a44e4e0c2d0d7cb96813afd74f2b3b4ba44b154a672987b5285d79bb9c0?s=96&d=mm&r=g\",\"caption\":\"Sandra\"}}]}<\/script>\n<!-- \/ Yoast SEO plugin. -->","yoast_head_json":{"title":"Horario de verano de la ADC - ADC \u2013 Associaci\u00f3 de Diabetis de Catalunya","description":"Horario de verano del ADC","robots":{"index":"index","follow":"follow","max-snippet":"max-snippet:-1","max-image-preview":"max-image-preview:large","max-video-preview":"max-video-preview:-1"},"canonical":"https:\/\/adc.cat\/es\/blog-es\/horario-de-verano-del-adc\/","og_locale":"es_ES","og_type":"article","og_title":"Horario de verano del ADC","og_description":"Horario de verano del ADC","og_url":"https:\/\/adc.cat\/es\/blog-es\/horario-de-verano-del-adc\/","og_site_name":"ADC \u2013 Associaci\u00f3 de Diabetis de Catalunya","article_publisher":"https:\/\/www.facebook.com\/ADC.CAT\/","article_published_time":"2024-07-01T08:20:17+00:00","article_modified_time":"2024-07-01T08:53:43+00:00","og_image":[{"url":"https:\/\/adc.cat\/wp-content\/uploads\/2023\/05\/menu-mensual-mayo-1024x576.jpg","type":"","width":"","height":""}],"author":"Sandra","twitter_card":"summary_large_image","twitter_title":"Horario de verano del ADC","twitter_description":"Horario de verano del ADC","twitter_image":"https:\/\/adc.cat\/wp-content\/uploads\/2023\/05\/menu-mensual-mayo-1024x576.jpg","twitter_creator":"@ADC_CAT","twitter_site":"@ADC_CAT","twitter_misc":{"Escrito por":"Sandra","Tiempo de lectura":"1 minuto"},"schema":{"@context":"https:\/\/schema.org","@graph":[{"@type":"Article","@id":"https:\/\/adc.cat\/es\/blog-es\/horario-de-verano-del-adc\/#article","isPartOf":{"@id":"https:\/\/adc.cat\/es\/blog-es\/horario-de-verano-del-adc\/"},"author":{"name":"Sandra","@id":"https:\/\/adc.cat\/es\/#\/schema\/person\/c3095eda6e9c2068ff66a789795e0685"},"headline":"Horario de verano de la ADC","datePublished":"2024-07-01T08:20:17+00:00","dateModified":"2024-07-01T08:53:43+00:00","mainEntityOfPage":{"@id":"https:\/\/adc.cat\/es\/blog-es\/horario-de-verano-del-adc\/"},"wordCount":383,"publisher":{"@id":"https:\/\/adc.cat\/es\/#organization"},"image":{"@id":"https:\/\/adc.cat\/es\/blog-es\/horario-de-verano-del-adc\/#primaryimage"},"thumbnailUrl":"https:\/\/adc.cat\/wp-content\/uploads\/2024\/07\/4-cast.jpg","articleSection":["Blog","Home D"],"inLanguage":"es"},{"@type":"WebPage","@id":"https:\/\/adc.cat\/es\/blog-es\/horario-de-verano-del-adc\/","url":"https:\/\/adc.cat\/es\/blog-es\/horario-de-verano-del-adc\/","name":"Horario de verano de la ADC - ADC \u2013 Associaci\u00f3 de Diabetis de Catalunya","isPartOf":{"@id":"https:\/\/adc.cat\/es\/#website"},"primaryImageOfPage":{"@id":"https:\/\/adc.cat\/es\/blog-es\/horario-de-verano-del-adc\/#primaryimage"},"image":{"@id":"https:\/\/adc.cat\/es\/blog-es\/horario-de-verano-del-adc\/#primaryimage"},"thumbnailUrl":"https:\/\/adc.cat\/wp-content\/uploads\/2024\/07\/4-cast.jpg","datePublished":"2024-07-01T08:20:17+00:00","dateModified":"2024-07-01T08:53:43+00:00","description":"Horario de verano del ADC","breadcrumb":{"@id":"https:\/\/adc.cat\/es\/blog-es\/horario-de-verano-del-adc\/#breadcrumb"},"inLanguage":"es","potentialAction":[{"@type":"ReadAction","target":["https:\/\/adc.cat\/es\/blog-es\/horario-de-verano-del-adc\/"]}]},{"@type":"ImageObject","inLanguage":"es","@id":"https:\/\/adc.cat\/es\/blog-es\/horario-de-verano-del-adc\/#primaryimage","url":"https:\/\/adc.cat\/wp-content\/uploads\/2024\/07\/4-cast.jpg","contentUrl":"https:\/\/adc.cat\/wp-content\/uploads\/2024\/07\/4-cast.jpg","width":1080,"height":721},{"@type":"BreadcrumbList","@id":"https:\/\/adc.cat\/es\/blog-es\/horario-de-verano-del-adc\/#breadcrumb","itemListElement":[{"@type":"ListItem","position":1,"name":"Portada","item":"https:\/\/adc.cat\/es\/"},{"@type":"ListItem","position":2,"name":"Horario de verano de la ADC"}]},{"@type":"WebSite","@id":"https:\/\/adc.cat\/es\/#website","url":"https:\/\/adc.cat\/es\/","name":"ADC \u2013 Associaci\u00f3 de Diabetis de Catalunya","description":"L&#039;ADC representa els pacients amb diabetis de Catalunya. Els nostres objectius: informar, aconsellar, ajudar i defensar les persones amb diabetis i promoure la sensibilitzaci\u00f3 de la resta de la societat","publisher":{"@id":"https:\/\/adc.cat\/es\/#organization"},"potentialAction":[{"@type":"SearchAction","target":{"@type":"EntryPoint","urlTemplate":"https:\/\/adc.cat\/es\/?s={search_term_string}"},"query-input":{"@type":"PropertyValueSpecification","valueRequired":true,"valueName":"search_term_string"}}],"inLanguage":"es"},{"@type":"Organization","@id":"https:\/\/adc.cat\/es\/#organization","name":"Associaci\u00f3 de Diabetis de Catalunya","url":"https:\/\/adc.cat\/es\/","logo":{"@type":"ImageObject","inLanguage":"es","@id":"https:\/\/adc.cat\/es\/#\/schema\/logo\/image\/","url":"https:\/\/adc.cat\/wp-content\/uploads\/2022\/01\/associacio_de_diabetis_catalunya.png","contentUrl":"https:\/\/adc.cat\/wp-content\/uploads\/2022\/01\/associacio_de_diabetis_catalunya.png","width":512,"height":239,"caption":"Associaci\u00f3 de Diabetis de Catalunya"},"image":{"@id":"https:\/\/adc.cat\/es\/#\/schema\/logo\/image\/"},"sameAs":["https:\/\/www.facebook.com\/ADC.CAT\/","https:\/\/x.com\/ADC_CAT","https:\/\/www.instagram.com\/adc_cat\/","https:\/\/www.linkedin.com\/company\/associacio-de-diabetis-de-catalunya","https:\/\/www.youtube.com\/channel\/UC7BiJMxG_5sHYUhMAlevAWA"]},{"@type":"Person","@id":"https:\/\/adc.cat\/es\/#\/schema\/person\/c3095eda6e9c2068ff66a789795e0685","name":"Sandra","image":{"@type":"ImageObject","inLanguage":"es","@id":"https:\/\/secure.gravatar.com\/avatar\/0a992a44e4e0c2d0d7cb96813afd74f2b3b4ba44b154a672987b5285d79bb9c0?s=96&d=mm&r=g","url":"https:\/\/secure.gravatar.com\/avatar\/0a992a44e4e0c2d0d7cb96813afd74f2b3b4ba44b154a672987b5285d79bb9c0?s=96&d=mm&r=g","contentUrl":"https:\/\/secure.gravatar.com\/avatar\/0a992a44e4e0c2d0d7cb96813afd74f2b3b4ba44b154a672987b5285d79bb9c0?s=96&d=mm&r=g","caption":"Sandra"}}]}},"_links":{"self":[{"href":"https:\/\/adc.cat\/es\/wp-json\/wp\/v2\/posts\/45755","targetHints":{"allow":["GET"]}}],"collection":[{"href":"https:\/\/adc.cat\/es\/wp-json\/wp\/v2\/posts"}],"about":[{"href":"https:\/\/adc.cat\/es\/wp-json\/wp\/v2\/types\/post"}],"author":[{"embeddable":true,"href":"https:\/\/adc.cat\/es\/wp-json\/wp\/v2\/users\/2"}],"replies":[{"embeddable":true,"href":"https:\/\/adc.cat\/es\/wp-json\/wp\/v2\/comments?post=45755"}],"version-history":[{"count":8,"href":"https:\/\/adc.cat\/es\/wp-json\/wp\/v2\/posts\/45755\/revisions"}],"predecessor-version":[{"id":45765,"href":"https:\/\/adc.cat\/es\/wp-json\/wp\/v2\/posts\/45755\/revisions\/45765"}],"wp:featuredmedia":[{"embeddable":true,"href":"https:\/\/adc.cat\/es\/wp-json\/wp\/v2\/media\/45794"}],"wp:attachment":[{"href":"https:\/\/adc.cat\/es\/wp-json\/wp\/v2\/media?parent=45755"}],"wp:term":[{"taxonomy":"category","embeddable":true,"href":"https:\/\/adc.cat\/es\/wp-json\/wp\/v2\/categories?post=45755"},{"taxonomy":"post_tag","embeddable":true,"href":"https:\/\/adc.cat\/es\/wp-json\/wp\/v2\/tags?post=45755"}],"curies":[{"name":"wp","href":"https:\/\/api.w.org\/{rel}","templated":true}]}}