{"id":46815,"date":"2024-09-04T11:58:08","date_gmt":"2024-09-04T09:58:08","guid":{"rendered":"https:\/\/adc.cat\/sin-categorizar\/la-diabetes-en-la-escuela-protocolo-autorizaciones-para-la-gestion-de-la-diabetes-y-acompanantes\/"},"modified":"2024-09-04T13:08:39","modified_gmt":"2024-09-04T11:08:39","slug":"la-diabetes-en-la-escuela-protocolo-autorizaciones-para-la-gestion-de-la-diabetes-y-acompanantes","status":"publish","type":"post","link":"https:\/\/adc.cat\/es\/blog-es\/la-diabetes-en-la-escuela-protocolo-autorizaciones-para-la-gestion-de-la-diabetes-y-acompanantes\/","title":{"rendered":"La diabetes en la escuela: protocolo, autorizaciones escolares y salidas escolares"},"content":{"rendered":"<p>[et_pb_section fb_built=\u00bb1&#8243; admin_label=\u00bbsection\u00bb _builder_version=\u00bb4.16&#8243; global_colors_info=\u00bb{}\u00bb][et_pb_row admin_label=\u00bbrow\u00bb _builder_version=\u00bb4.16&#8243; background_size=\u00bbinitial\u00bb background_position=\u00bbtop_left\u00bb background_repeat=\u00bbrepeat\u00bb global_colors_info=\u00bb{}\u00bb][et_pb_column type=\u00bb4_4&#8243; _builder_version=\u00bb4.16&#8243; custom_padding=\u00bb|||\u00bb global_colors_info=\u00bb{}\u00bb custom_padding__hover=\u00bb|||\u00bb][et_pb_image src=\u00bbhttps:\/\/adc.cat\/wp-content\/uploads\/2024\/09\/escuelaa.jpg\u00bb title_text=\u00bbescuelaa\u00bb align=\u00bbcenter\u00bb _builder_version=\u00bb4.27.0&#8243; _module_preset=\u00bbdefault\u00bb width=\u00bb57%\u00bb hover_enabled=\u00bb0&#8243; global_colors_info=\u00bb{}\u00bb sticky_enabled=\u00bb0&#8243;][\/et_pb_image][et_pb_text _builder_version=\u00bb4.27.0&#8243; _module_preset=\u00bbdefault\u00bb global_colors_info=\u00bb{}\u00bb]<\/p>\n<p>La vuelta en la escuela es un momento crucial para las familias. Para ayudar el profesorado a crear un entorno seguro e inclusivo para los ni\u00f1os con diabetes, hemos preparado un art\u00edculo con <strong>10 consejos pr\u00e1cticos<\/strong>. Este recurso ofrece orientaci\u00f3n sobre la <strong>comunicaci\u00f3n con los padres<\/strong>, la <strong>identificaci\u00f3n de s\u00edntomas<\/strong> y como promover un ambiente donde los ni\u00f1os con diabetes puedan prosperar.<\/p>\n<p>Consulta <a href=\"https:\/\/adc.cat\/es\/actualidad\/10-consejos-para-el-profesorado-de-ninos-con-diabetes\/\">aqu\u00ed<\/a> el art\u00edculo y explora nuestra secci\u00f3n especial &#8216;La diabetes en la escuela&#8217; clicando <a href=\"https:\/\/adc.cat\/es\/la-diabetes-en-la-escuela\/\">aqu\u00ed<\/a> para mayor informaci\u00f3n.<\/p>\n<p>[\/et_pb_text][\/et_pb_column][\/et_pb_row][\/et_pb_section]<\/p>\n","protected":false},"excerpt":{"rendered":"<p>la diabetes en la escuela<\/p>\n","protected":false},"author":2,"featured_media":46821,"comment_status":"closed","ping_status":"closed","sticky":false,"template":"","format":"standard","meta":{"_et_pb_use_builder":"on","_et_pb_old_content":"","_et_gb_content_width":"","footnotes":""},"categories":[90],"tags":[],"class_list":["post-46815","post","type-post","status-publish","format-standard","has-post-thumbnail","hentry","category-blog-es"],"yoast_head":"<!-- This site is optimized with the Yoast SEO plugin v27.4 - https:\/\/yoast.com\/product\/yoast-seo-wordpress\/ -->\n<title>La diabetes en la escuela: protocolo, autorizaciones escolares y salidas escolares - ADC \u2013 Associaci\u00f3 de Diabetis de Catalunya<\/title>\n<meta name=\"description\" content=\"La vuelta en la escuela es un momento crucial para las familias. Para ayudar el profesorado a crear un entorno seguro e inclusivo para los ni\u00f1os con diabetes, hemos preparado un art\u00edculo con 10 consejos pr\u00e1cticos.\" \/>\n<meta name=\"robots\" content=\"index, follow, max-snippet:-1, max-image-preview:large, max-video-preview:-1\" \/>\n<link rel=\"canonical\" href=\"https:\/\/adc.cat\/es\/blog-es\/la-diabetes-en-la-escuela-protocolo-autorizaciones-para-la-gestion-de-la-diabetes-y-acompanantes\/\" \/>\n<meta property=\"og:locale\" content=\"es_ES\" \/>\n<meta property=\"og:type\" content=\"article\" \/>\n<meta property=\"og:title\" content=\"Men\u00fa mensual ADC h\u00e1bitos saludables\" \/>\n<meta property=\"og:description\" content=\"La vuelta en la escuela es un momento crucial para las familias. Para ayudar el profesorado a crear un entorno seguro e inclusivo para los ni\u00f1os con diabetes, hemos preparado un art\u00edculo con 10 consejos pr\u00e1cticos.\" \/>\n<meta property=\"og:url\" content=\"https:\/\/adc.cat\/es\/blog-es\/la-diabetes-en-la-escuela-protocolo-autorizaciones-para-la-gestion-de-la-diabetes-y-acompanantes\/\" \/>\n<meta property=\"og:site_name\" content=\"ADC \u2013 Associaci\u00f3 de Diabetis de Catalunya\" \/>\n<meta property=\"article:publisher\" content=\"https:\/\/www.facebook.com\/ADC.CAT\/\" \/>\n<meta property=\"article:published_time\" content=\"2024-09-04T09:58:08+00:00\" \/>\n<meta property=\"article:modified_time\" content=\"2024-09-04T11:08:39+00:00\" \/>\n<meta property=\"og:image\" content=\"https:\/\/adc.cat\/wp-content\/uploads\/2023\/05\/menu-mensual-mayo-1024x576.jpg\" \/>\n<meta name=\"author\" content=\"Sandra\" \/>\n<meta name=\"twitter:card\" content=\"summary_large_image\" \/>\n<meta name=\"twitter:title\" content=\"Men\u00fa mensual ADC h\u00e1bitos saludables\" \/>\n<meta name=\"twitter:description\" content=\"La vuelta en la escuela es un momento crucial para las familias. Para ayudar el profesorado a crear un entorno seguro e inclusivo para los ni\u00f1os con diabetes, hemos preparado un art\u00edculo con 10 consejos pr\u00e1cticos.\" \/>\n<meta name=\"twitter:image\" content=\"https:\/\/adc.cat\/wp-content\/uploads\/2023\/05\/menu-mensual-mayo-1024x576.jpg\" \/>\n<meta name=\"twitter:creator\" content=\"@ADC_CAT\" \/>\n<meta name=\"twitter:site\" content=\"@ADC_CAT\" \/>\n<meta name=\"twitter:label1\" content=\"Escrito por\" \/>\n\t<meta name=\"twitter:data1\" content=\"Sandra\" \/>\n\t<meta name=\"twitter:label2\" content=\"Tiempo de lectura\" \/>\n\t<meta name=\"twitter:data2\" content=\"1 minuto\" \/>\n<script type=\"application\/ld+json\" class=\"yoast-schema-graph\">{\"@context\":\"https:\\\/\\\/schema.org\",\"@graph\":[{\"@type\":\"Article\",\"@id\":\"https:\\\/\\\/adc.cat\\\/es\\\/blog-es\\\/la-diabetes-en-la-escuela-protocolo-autorizaciones-para-la-gestion-de-la-diabetes-y-acompanantes\\\/#article\",\"isPartOf\":{\"@id\":\"https:\\\/\\\/adc.cat\\\/es\\\/blog-es\\\/la-diabetes-en-la-escuela-protocolo-autorizaciones-para-la-gestion-de-la-diabetes-y-acompanantes\\\/\"},\"author\":{\"name\":\"Sandra\",\"@id\":\"https:\\\/\\\/adc.cat\\\/es\\\/#\\\/schema\\\/person\\\/c3095eda6e9c2068ff66a789795e0685\"},\"headline\":\"La diabetes en la escuela: protocolo, autorizaciones escolares y salidas escolares\",\"datePublished\":\"2024-09-04T09:58:08+00:00\",\"dateModified\":\"2024-09-04T11:08:39+00:00\",\"mainEntityOfPage\":{\"@id\":\"https:\\\/\\\/adc.cat\\\/es\\\/blog-es\\\/la-diabetes-en-la-escuela-protocolo-autorizaciones-para-la-gestion-de-la-diabetes-y-acompanantes\\\/\"},\"wordCount\":205,\"publisher\":{\"@id\":\"https:\\\/\\\/adc.cat\\\/es\\\/#organization\"},\"image\":{\"@id\":\"https:\\\/\\\/adc.cat\\\/es\\\/blog-es\\\/la-diabetes-en-la-escuela-protocolo-autorizaciones-para-la-gestion-de-la-diabetes-y-acompanantes\\\/#primaryimage\"},\"thumbnailUrl\":\"https:\\\/\\\/adc.cat\\\/wp-content\\\/uploads\\\/2024\\\/09\\\/escuelaa.jpg\",\"articleSection\":[\"Blog\"],\"inLanguage\":\"es\"},{\"@type\":\"WebPage\",\"@id\":\"https:\\\/\\\/adc.cat\\\/es\\\/blog-es\\\/la-diabetes-en-la-escuela-protocolo-autorizaciones-para-la-gestion-de-la-diabetes-y-acompanantes\\\/\",\"url\":\"https:\\\/\\\/adc.cat\\\/es\\\/blog-es\\\/la-diabetes-en-la-escuela-protocolo-autorizaciones-para-la-gestion-de-la-diabetes-y-acompanantes\\\/\",\"name\":\"La diabetes en la escuela: protocolo, autorizaciones escolares y salidas escolares - ADC \u2013 Associaci\u00f3 de Diabetis de Catalunya\",\"isPartOf\":{\"@id\":\"https:\\\/\\\/adc.cat\\\/es\\\/#website\"},\"primaryImageOfPage\":{\"@id\":\"https:\\\/\\\/adc.cat\\\/es\\\/blog-es\\\/la-diabetes-en-la-escuela-protocolo-autorizaciones-para-la-gestion-de-la-diabetes-y-acompanantes\\\/#primaryimage\"},\"image\":{\"@id\":\"https:\\\/\\\/adc.cat\\\/es\\\/blog-es\\\/la-diabetes-en-la-escuela-protocolo-autorizaciones-para-la-gestion-de-la-diabetes-y-acompanantes\\\/#primaryimage\"},\"thumbnailUrl\":\"https:\\\/\\\/adc.cat\\\/wp-content\\\/uploads\\\/2024\\\/09\\\/escuelaa.jpg\",\"datePublished\":\"2024-09-04T09:58:08+00:00\",\"dateModified\":\"2024-09-04T11:08:39+00:00\",\"description\":\"La vuelta en la escuela es un momento crucial para las familias. Para ayudar el profesorado a crear un entorno seguro e inclusivo para los ni\u00f1os con diabetes, hemos preparado un art\u00edculo con 10 consejos pr\u00e1cticos.\",\"breadcrumb\":{\"@id\":\"https:\\\/\\\/adc.cat\\\/es\\\/blog-es\\\/la-diabetes-en-la-escuela-protocolo-autorizaciones-para-la-gestion-de-la-diabetes-y-acompanantes\\\/#breadcrumb\"},\"inLanguage\":\"es\",\"potentialAction\":[{\"@type\":\"ReadAction\",\"target\":[\"https:\\\/\\\/adc.cat\\\/es\\\/blog-es\\\/la-diabetes-en-la-escuela-protocolo-autorizaciones-para-la-gestion-de-la-diabetes-y-acompanantes\\\/\"]}]},{\"@type\":\"ImageObject\",\"inLanguage\":\"es\",\"@id\":\"https:\\\/\\\/adc.cat\\\/es\\\/blog-es\\\/la-diabetes-en-la-escuela-protocolo-autorizaciones-para-la-gestion-de-la-diabetes-y-acompanantes\\\/#primaryimage\",\"url\":\"https:\\\/\\\/adc.cat\\\/wp-content\\\/uploads\\\/2024\\\/09\\\/escuelaa.jpg\",\"contentUrl\":\"https:\\\/\\\/adc.cat\\\/wp-content\\\/uploads\\\/2024\\\/09\\\/escuelaa.jpg\",\"width\":1071,\"height\":680},{\"@type\":\"BreadcrumbList\",\"@id\":\"https:\\\/\\\/adc.cat\\\/es\\\/blog-es\\\/la-diabetes-en-la-escuela-protocolo-autorizaciones-para-la-gestion-de-la-diabetes-y-acompanantes\\\/#breadcrumb\",\"itemListElement\":[{\"@type\":\"ListItem\",\"position\":1,\"name\":\"Portada\",\"item\":\"https:\\\/\\\/adc.cat\\\/es\\\/\"},{\"@type\":\"ListItem\",\"position\":2,\"name\":\"La diabetes en la escuela: protocolo, autorizaciones escolares y salidas escolares\"}]},{\"@type\":\"WebSite\",\"@id\":\"https:\\\/\\\/adc.cat\\\/es\\\/#website\",\"url\":\"https:\\\/\\\/adc.cat\\\/es\\\/\",\"name\":\"ADC \u2013 Associaci\u00f3 de Diabetis de Catalunya\",\"description\":\"L&#039;ADC representa els pacients amb diabetis de Catalunya. Els nostres objectius: informar, aconsellar, ajudar i defensar les persones amb diabetis i promoure la sensibilitzaci\u00f3 de la resta de la societat\",\"publisher\":{\"@id\":\"https:\\\/\\\/adc.cat\\\/es\\\/#organization\"},\"potentialAction\":[{\"@type\":\"SearchAction\",\"target\":{\"@type\":\"EntryPoint\",\"urlTemplate\":\"https:\\\/\\\/adc.cat\\\/es\\\/?s={search_term_string}\"},\"query-input\":{\"@type\":\"PropertyValueSpecification\",\"valueRequired\":true,\"valueName\":\"search_term_string\"}}],\"inLanguage\":\"es\"},{\"@type\":\"Organization\",\"@id\":\"https:\\\/\\\/adc.cat\\\/es\\\/#organization\",\"name\":\"Associaci\u00f3 de Diabetis de Catalunya\",\"url\":\"https:\\\/\\\/adc.cat\\\/es\\\/\",\"logo\":{\"@type\":\"ImageObject\",\"inLanguage\":\"es\",\"@id\":\"https:\\\/\\\/adc.cat\\\/es\\\/#\\\/schema\\\/logo\\\/image\\\/\",\"url\":\"https:\\\/\\\/adc.cat\\\/wp-content\\\/uploads\\\/2022\\\/01\\\/associacio_de_diabetis_catalunya.png\",\"contentUrl\":\"https:\\\/\\\/adc.cat\\\/wp-content\\\/uploads\\\/2022\\\/01\\\/associacio_de_diabetis_catalunya.png\",\"width\":512,\"height\":239,\"caption\":\"Associaci\u00f3 de Diabetis de Catalunya\"},\"image\":{\"@id\":\"https:\\\/\\\/adc.cat\\\/es\\\/#\\\/schema\\\/logo\\\/image\\\/\"},\"sameAs\":[\"https:\\\/\\\/www.facebook.com\\\/ADC.CAT\\\/\",\"https:\\\/\\\/x.com\\\/ADC_CAT\",\"https:\\\/\\\/www.instagram.com\\\/adc_cat\\\/\",\"https:\\\/\\\/www.linkedin.com\\\/company\\\/associacio-de-diabetis-de-catalunya\",\"https:\\\/\\\/www.youtube.com\\\/channel\\\/UC7BiJMxG_5sHYUhMAlevAWA\"]},{\"@type\":\"Person\",\"@id\":\"https:\\\/\\\/adc.cat\\\/es\\\/#\\\/schema\\\/person\\\/c3095eda6e9c2068ff66a789795e0685\",\"name\":\"Sandra\",\"image\":{\"@type\":\"ImageObject\",\"inLanguage\":\"es\",\"@id\":\"https:\\\/\\\/secure.gravatar.com\\\/avatar\\\/0a992a44e4e0c2d0d7cb96813afd74f2b3b4ba44b154a672987b5285d79bb9c0?s=96&d=mm&r=g\",\"url\":\"https:\\\/\\\/secure.gravatar.com\\\/avatar\\\/0a992a44e4e0c2d0d7cb96813afd74f2b3b4ba44b154a672987b5285d79bb9c0?s=96&d=mm&r=g\",\"contentUrl\":\"https:\\\/\\\/secure.gravatar.com\\\/avatar\\\/0a992a44e4e0c2d0d7cb96813afd74f2b3b4ba44b154a672987b5285d79bb9c0?s=96&d=mm&r=g\",\"caption\":\"Sandra\"}}]}<\/script>\n<!-- \/ Yoast SEO plugin. -->","yoast_head_json":{"title":"La diabetes en la escuela: protocolo, autorizaciones escolares y salidas escolares - ADC \u2013 Associaci\u00f3 de Diabetis de Catalunya","description":"La vuelta en la escuela es un momento crucial para las familias. Para ayudar el profesorado a crear un entorno seguro e inclusivo para los ni\u00f1os con diabetes, hemos preparado un art\u00edculo con 10 consejos pr\u00e1cticos.","robots":{"index":"index","follow":"follow","max-snippet":"max-snippet:-1","max-image-preview":"max-image-preview:large","max-video-preview":"max-video-preview:-1"},"canonical":"https:\/\/adc.cat\/es\/blog-es\/la-diabetes-en-la-escuela-protocolo-autorizaciones-para-la-gestion-de-la-diabetes-y-acompanantes\/","og_locale":"es_ES","og_type":"article","og_title":"Men\u00fa mensual ADC h\u00e1bitos saludables","og_description":"La vuelta en la escuela es un momento crucial para las familias. Para ayudar el profesorado a crear un entorno seguro e inclusivo para los ni\u00f1os con diabetes, hemos preparado un art\u00edculo con 10 consejos pr\u00e1cticos.","og_url":"https:\/\/adc.cat\/es\/blog-es\/la-diabetes-en-la-escuela-protocolo-autorizaciones-para-la-gestion-de-la-diabetes-y-acompanantes\/","og_site_name":"ADC \u2013 Associaci\u00f3 de Diabetis de Catalunya","article_publisher":"https:\/\/www.facebook.com\/ADC.CAT\/","article_published_time":"2024-09-04T09:58:08+00:00","article_modified_time":"2024-09-04T11:08:39+00:00","og_image":[{"url":"https:\/\/adc.cat\/wp-content\/uploads\/2023\/05\/menu-mensual-mayo-1024x576.jpg","type":"","width":"","height":""}],"author":"Sandra","twitter_card":"summary_large_image","twitter_title":"Men\u00fa mensual ADC h\u00e1bitos saludables","twitter_description":"La vuelta en la escuela es un momento crucial para las familias. Para ayudar el profesorado a crear un entorno seguro e inclusivo para los ni\u00f1os con diabetes, hemos preparado un art\u00edculo con 10 consejos pr\u00e1cticos.","twitter_image":"https:\/\/adc.cat\/wp-content\/uploads\/2023\/05\/menu-mensual-mayo-1024x576.jpg","twitter_creator":"@ADC_CAT","twitter_site":"@ADC_CAT","twitter_misc":{"Escrito por":"Sandra","Tiempo de lectura":"1 minuto"},"schema":{"@context":"https:\/\/schema.org","@graph":[{"@type":"Article","@id":"https:\/\/adc.cat\/es\/blog-es\/la-diabetes-en-la-escuela-protocolo-autorizaciones-para-la-gestion-de-la-diabetes-y-acompanantes\/#article","isPartOf":{"@id":"https:\/\/adc.cat\/es\/blog-es\/la-diabetes-en-la-escuela-protocolo-autorizaciones-para-la-gestion-de-la-diabetes-y-acompanantes\/"},"author":{"name":"Sandra","@id":"https:\/\/adc.cat\/es\/#\/schema\/person\/c3095eda6e9c2068ff66a789795e0685"},"headline":"La diabetes en la escuela: protocolo, autorizaciones escolares y salidas escolares","datePublished":"2024-09-04T09:58:08+00:00","dateModified":"2024-09-04T11:08:39+00:00","mainEntityOfPage":{"@id":"https:\/\/adc.cat\/es\/blog-es\/la-diabetes-en-la-escuela-protocolo-autorizaciones-para-la-gestion-de-la-diabetes-y-acompanantes\/"},"wordCount":205,"publisher":{"@id":"https:\/\/adc.cat\/es\/#organization"},"image":{"@id":"https:\/\/adc.cat\/es\/blog-es\/la-diabetes-en-la-escuela-protocolo-autorizaciones-para-la-gestion-de-la-diabetes-y-acompanantes\/#primaryimage"},"thumbnailUrl":"https:\/\/adc.cat\/wp-content\/uploads\/2024\/09\/escuelaa.jpg","articleSection":["Blog"],"inLanguage":"es"},{"@type":"WebPage","@id":"https:\/\/adc.cat\/es\/blog-es\/la-diabetes-en-la-escuela-protocolo-autorizaciones-para-la-gestion-de-la-diabetes-y-acompanantes\/","url":"https:\/\/adc.cat\/es\/blog-es\/la-diabetes-en-la-escuela-protocolo-autorizaciones-para-la-gestion-de-la-diabetes-y-acompanantes\/","name":"La diabetes en la escuela: protocolo, autorizaciones escolares y salidas escolares - ADC \u2013 Associaci\u00f3 de Diabetis de Catalunya","isPartOf":{"@id":"https:\/\/adc.cat\/es\/#website"},"primaryImageOfPage":{"@id":"https:\/\/adc.cat\/es\/blog-es\/la-diabetes-en-la-escuela-protocolo-autorizaciones-para-la-gestion-de-la-diabetes-y-acompanantes\/#primaryimage"},"image":{"@id":"https:\/\/adc.cat\/es\/blog-es\/la-diabetes-en-la-escuela-protocolo-autorizaciones-para-la-gestion-de-la-diabetes-y-acompanantes\/#primaryimage"},"thumbnailUrl":"https:\/\/adc.cat\/wp-content\/uploads\/2024\/09\/escuelaa.jpg","datePublished":"2024-09-04T09:58:08+00:00","dateModified":"2024-09-04T11:08:39+00:00","description":"La vuelta en la escuela es un momento crucial para las familias. Para ayudar el profesorado a crear un entorno seguro e inclusivo para los ni\u00f1os con diabetes, hemos preparado un art\u00edculo con 10 consejos pr\u00e1cticos.","breadcrumb":{"@id":"https:\/\/adc.cat\/es\/blog-es\/la-diabetes-en-la-escuela-protocolo-autorizaciones-para-la-gestion-de-la-diabetes-y-acompanantes\/#breadcrumb"},"inLanguage":"es","potentialAction":[{"@type":"ReadAction","target":["https:\/\/adc.cat\/es\/blog-es\/la-diabetes-en-la-escuela-protocolo-autorizaciones-para-la-gestion-de-la-diabetes-y-acompanantes\/"]}]},{"@type":"ImageObject","inLanguage":"es","@id":"https:\/\/adc.cat\/es\/blog-es\/la-diabetes-en-la-escuela-protocolo-autorizaciones-para-la-gestion-de-la-diabetes-y-acompanantes\/#primaryimage","url":"https:\/\/adc.cat\/wp-content\/uploads\/2024\/09\/escuelaa.jpg","contentUrl":"https:\/\/adc.cat\/wp-content\/uploads\/2024\/09\/escuelaa.jpg","width":1071,"height":680},{"@type":"BreadcrumbList","@id":"https:\/\/adc.cat\/es\/blog-es\/la-diabetes-en-la-escuela-protocolo-autorizaciones-para-la-gestion-de-la-diabetes-y-acompanantes\/#breadcrumb","itemListElement":[{"@type":"ListItem","position":1,"name":"Portada","item":"https:\/\/adc.cat\/es\/"},{"@type":"ListItem","position":2,"name":"La diabetes en la escuela: protocolo, autorizaciones escolares y salidas escolares"}]},{"@type":"WebSite","@id":"https:\/\/adc.cat\/es\/#website","url":"https:\/\/adc.cat\/es\/","name":"ADC \u2013 Associaci\u00f3 de Diabetis de Catalunya","description":"L&#039;ADC representa els pacients amb diabetis de Catalunya. Els nostres objectius: informar, aconsellar, ajudar i defensar les persones amb diabetis i promoure la sensibilitzaci\u00f3 de la resta de la societat","publisher":{"@id":"https:\/\/adc.cat\/es\/#organization"},"potentialAction":[{"@type":"SearchAction","target":{"@type":"EntryPoint","urlTemplate":"https:\/\/adc.cat\/es\/?s={search_term_string}"},"query-input":{"@type":"PropertyValueSpecification","valueRequired":true,"valueName":"search_term_string"}}],"inLanguage":"es"},{"@type":"Organization","@id":"https:\/\/adc.cat\/es\/#organization","name":"Associaci\u00f3 de Diabetis de Catalunya","url":"https:\/\/adc.cat\/es\/","logo":{"@type":"ImageObject","inLanguage":"es","@id":"https:\/\/adc.cat\/es\/#\/schema\/logo\/image\/","url":"https:\/\/adc.cat\/wp-content\/uploads\/2022\/01\/associacio_de_diabetis_catalunya.png","contentUrl":"https:\/\/adc.cat\/wp-content\/uploads\/2022\/01\/associacio_de_diabetis_catalunya.png","width":512,"height":239,"caption":"Associaci\u00f3 de Diabetis de Catalunya"},"image":{"@id":"https:\/\/adc.cat\/es\/#\/schema\/logo\/image\/"},"sameAs":["https:\/\/www.facebook.com\/ADC.CAT\/","https:\/\/x.com\/ADC_CAT","https:\/\/www.instagram.com\/adc_cat\/","https:\/\/www.linkedin.com\/company\/associacio-de-diabetis-de-catalunya","https:\/\/www.youtube.com\/channel\/UC7BiJMxG_5sHYUhMAlevAWA"]},{"@type":"Person","@id":"https:\/\/adc.cat\/es\/#\/schema\/person\/c3095eda6e9c2068ff66a789795e0685","name":"Sandra","image":{"@type":"ImageObject","inLanguage":"es","@id":"https:\/\/secure.gravatar.com\/avatar\/0a992a44e4e0c2d0d7cb96813afd74f2b3b4ba44b154a672987b5285d79bb9c0?s=96&d=mm&r=g","url":"https:\/\/secure.gravatar.com\/avatar\/0a992a44e4e0c2d0d7cb96813afd74f2b3b4ba44b154a672987b5285d79bb9c0?s=96&d=mm&r=g","contentUrl":"https:\/\/secure.gravatar.com\/avatar\/0a992a44e4e0c2d0d7cb96813afd74f2b3b4ba44b154a672987b5285d79bb9c0?s=96&d=mm&r=g","caption":"Sandra"}}]}},"_links":{"self":[{"href":"https:\/\/adc.cat\/es\/wp-json\/wp\/v2\/posts\/46815","targetHints":{"allow":["GET"]}}],"collection":[{"href":"https:\/\/adc.cat\/es\/wp-json\/wp\/v2\/posts"}],"about":[{"href":"https:\/\/adc.cat\/es\/wp-json\/wp\/v2\/types\/post"}],"author":[{"embeddable":true,"href":"https:\/\/adc.cat\/es\/wp-json\/wp\/v2\/users\/2"}],"replies":[{"embeddable":true,"href":"https:\/\/adc.cat\/es\/wp-json\/wp\/v2\/comments?post=46815"}],"version-history":[{"count":4,"href":"https:\/\/adc.cat\/es\/wp-json\/wp\/v2\/posts\/46815\/revisions"}],"predecessor-version":[{"id":46822,"href":"https:\/\/adc.cat\/es\/wp-json\/wp\/v2\/posts\/46815\/revisions\/46822"}],"wp:featuredmedia":[{"embeddable":true,"href":"https:\/\/adc.cat\/es\/wp-json\/wp\/v2\/media\/46821"}],"wp:attachment":[{"href":"https:\/\/adc.cat\/es\/wp-json\/wp\/v2\/media?parent=46815"}],"wp:term":[{"taxonomy":"category","embeddable":true,"href":"https:\/\/adc.cat\/es\/wp-json\/wp\/v2\/categories?post=46815"},{"taxonomy":"post_tag","embeddable":true,"href":"https:\/\/adc.cat\/es\/wp-json\/wp\/v2\/tags?post=46815"}],"curies":[{"name":"wp","href":"https:\/\/api.w.org\/{rel}","templated":true}]}}