{"id":47259,"date":"2024-10-01T09:25:18","date_gmt":"2024-10-01T07:25:18","guid":{"rendered":"https:\/\/adc.cat\/sin-categorizar\/activate-para-el-dia-mundial-de-la-diabetes\/"},"modified":"2025-09-01T10:57:55","modified_gmt":"2025-09-01T08:57:55","slug":"activate-para-el-dia-mundial-de-la-diabetes","status":"publish","type":"post","link":"https:\/\/adc.cat\/es\/blog-es\/activate-para-el-dia-mundial-de-la-diabetes\/","title":{"rendered":"\u00a1Act\u00edvate para el D\u00eda Mundial de la Diabetes!"},"content":{"rendered":"<p>[et_pb_section fb_built=\u00bb1&#8243; admin_label=\u00bbsection\u00bb _builder_version=\u00bb4.16&#8243; global_colors_info=\u00bb{}\u00bb][et_pb_row admin_label=\u00bbrow\u00bb _builder_version=\u00bb4.16&#8243; background_size=\u00bbinitial\u00bb background_position=\u00bbtop_left\u00bb background_repeat=\u00bbrepeat\u00bb global_colors_info=\u00bb{}\u00bb][et_pb_column type=\u00bb4_4&#8243; _builder_version=\u00bb4.16&#8243; custom_padding=\u00bb|||\u00bb global_colors_info=\u00bb{}\u00bb custom_padding__hover=\u00bb|||\u00bb][et_pb_image src=\u00bbhttps:\/\/adc.cat\/wp-content\/uploads\/2024\/10\/loteria1.jpg\u00bb title_text=\u00bbloteria(1)\u00bb align=\u00bbcenter\u00bb _builder_version=\u00bb4.27.0&#8243; _module_preset=\u00bbdefault\u00bb width=\u00bb57%\u00bb hover_enabled=\u00bb0&#8243; global_colors_info=\u00bb{}\u00bb sticky_enabled=\u00bb0&#8243;][\/et_pb_image][et_pb_text _builder_version=\u00bb4.27.0&#8243; _module_preset=\u00bbdefault\u00bb global_colors_info=\u00bb{}\u00bb]<\/p>\n<div>\n<p>\u00bfEst\u00e1s pensando en realizar alguna actividad para celebrar el <strong>D\u00eda Mundial de la Diabetes<\/strong> el pr\u00f3ximo 14 de noviembre? \u00a1Desde la ADC te ayudamos!<\/p>\n<p>Escr\u00edbenos a adc@adc.cat y podemos ayudarte a bajar la propuesta, sensibilicemos entre todos sobre la diabetes.<\/p>\n<\/div>\n<p>[\/et_pb_text][\/et_pb_column][\/et_pb_row][\/et_pb_section]<\/p>\n","protected":false},"excerpt":{"rendered":"<p>Act\u00edvate para el D\u00eda Mundial de la Diabetes<\/p>\n","protected":false},"author":2,"featured_media":47263,"comment_status":"closed","ping_status":"closed","sticky":false,"template":"","format":"standard","meta":{"_et_pb_use_builder":"on","_et_pb_old_content":"","_et_gb_content_width":"","footnotes":""},"categories":[90],"tags":[],"class_list":["post-47259","post","type-post","status-publish","format-standard","has-post-thumbnail","hentry","category-blog-es"],"yoast_head":"<!-- This site is optimized with the Yoast SEO plugin v27.4 - https:\/\/yoast.com\/product\/yoast-seo-wordpress\/ -->\n<title>\u00a1Act\u00edvate para el D\u00eda Mundial de la Diabetes! - ADC \u2013 Associaci\u00f3 de Diabetis de Catalunya<\/title>\n<meta name=\"description\" content=\"\u00bfEst\u00e1s pensando en realizar alguna actividad para celebrar el D\u00eda Mundial de la Diabetes el pr\u00f3ximo 14 de noviembre? \u00a1Desde la ADC te ayudamos!\" \/>\n<meta name=\"robots\" content=\"index, follow, max-snippet:-1, max-image-preview:large, max-video-preview:-1\" \/>\n<link rel=\"canonical\" href=\"https:\/\/adc.cat\/es\/blog-es\/activate-para-el-dia-mundial-de-la-diabetes\/\" \/>\n<meta property=\"og:locale\" content=\"es_ES\" \/>\n<meta property=\"og:type\" content=\"article\" \/>\n<meta property=\"og:title\" content=\"Men\u00fa mensual ADC h\u00e1bitos saludables\" \/>\n<meta property=\"og:description\" content=\"\u00bfEst\u00e1s pensando en realizar alguna actividad para celebrar el D\u00eda Mundial de la Diabetes el pr\u00f3ximo 14 de noviembre? \u00a1Desde la ADC te ayudamos!\" \/>\n<meta property=\"og:url\" content=\"https:\/\/adc.cat\/es\/blog-es\/activate-para-el-dia-mundial-de-la-diabetes\/\" \/>\n<meta property=\"og:site_name\" content=\"ADC \u2013 Associaci\u00f3 de Diabetis de Catalunya\" \/>\n<meta property=\"article:publisher\" content=\"https:\/\/www.facebook.com\/ADC.CAT\/\" \/>\n<meta property=\"article:published_time\" content=\"2024-10-01T07:25:18+00:00\" \/>\n<meta property=\"article:modified_time\" content=\"2025-09-01T08:57:55+00:00\" \/>\n<meta property=\"og:image\" content=\"https:\/\/adc.cat\/wp-content\/uploads\/2023\/05\/menu-mensual-mayo-1024x576.jpg\" \/>\n<meta name=\"author\" content=\"Sandra\" \/>\n<meta name=\"twitter:card\" content=\"summary_large_image\" \/>\n<meta name=\"twitter:title\" content=\"Men\u00fa mensual ADC h\u00e1bitos saludables\" \/>\n<meta name=\"twitter:description\" content=\"\u00bfEst\u00e1s pensando en realizar alguna actividad para celebrar el D\u00eda Mundial de la Diabetes el pr\u00f3ximo 14 de noviembre? \u00a1Desde la ADC te ayudamos!\" \/>\n<meta name=\"twitter:image\" content=\"https:\/\/adc.cat\/wp-content\/uploads\/2023\/05\/menu-mensual-mayo-1024x576.jpg\" \/>\n<meta name=\"twitter:creator\" content=\"@ADC_CAT\" \/>\n<meta name=\"twitter:site\" content=\"@ADC_CAT\" \/>\n<meta name=\"twitter:label1\" content=\"Escrito por\" \/>\n\t<meta name=\"twitter:data1\" content=\"Sandra\" \/>\n\t<meta name=\"twitter:label2\" content=\"Tiempo de lectura\" \/>\n\t<meta name=\"twitter:data2\" content=\"1 minuto\" \/>\n<script type=\"application\/ld+json\" class=\"yoast-schema-graph\">{\"@context\":\"https:\\\/\\\/schema.org\",\"@graph\":[{\"@type\":\"Article\",\"@id\":\"https:\\\/\\\/adc.cat\\\/es\\\/blog-es\\\/activate-para-el-dia-mundial-de-la-diabetes\\\/#article\",\"isPartOf\":{\"@id\":\"https:\\\/\\\/adc.cat\\\/es\\\/blog-es\\\/activate-para-el-dia-mundial-de-la-diabetes\\\/\"},\"author\":{\"name\":\"Sandra\",\"@id\":\"https:\\\/\\\/adc.cat\\\/es\\\/#\\\/schema\\\/person\\\/c3095eda6e9c2068ff66a789795e0685\"},\"headline\":\"\u00a1Act\u00edvate para el D\u00eda Mundial de la Diabetes!\",\"datePublished\":\"2024-10-01T07:25:18+00:00\",\"dateModified\":\"2025-09-01T08:57:55+00:00\",\"mainEntityOfPage\":{\"@id\":\"https:\\\/\\\/adc.cat\\\/es\\\/blog-es\\\/activate-para-el-dia-mundial-de-la-diabetes\\\/\"},\"wordCount\":158,\"publisher\":{\"@id\":\"https:\\\/\\\/adc.cat\\\/es\\\/#organization\"},\"image\":{\"@id\":\"https:\\\/\\\/adc.cat\\\/es\\\/blog-es\\\/activate-para-el-dia-mundial-de-la-diabetes\\\/#primaryimage\"},\"thumbnailUrl\":\"https:\\\/\\\/adc.cat\\\/wp-content\\\/uploads\\\/2024\\\/10\\\/loteria1.jpg\",\"articleSection\":[\"Blog\"],\"inLanguage\":\"es\"},{\"@type\":\"WebPage\",\"@id\":\"https:\\\/\\\/adc.cat\\\/es\\\/blog-es\\\/activate-para-el-dia-mundial-de-la-diabetes\\\/\",\"url\":\"https:\\\/\\\/adc.cat\\\/es\\\/blog-es\\\/activate-para-el-dia-mundial-de-la-diabetes\\\/\",\"name\":\"\u00a1Act\u00edvate para el D\u00eda Mundial de la Diabetes! - ADC \u2013 Associaci\u00f3 de Diabetis de Catalunya\",\"isPartOf\":{\"@id\":\"https:\\\/\\\/adc.cat\\\/es\\\/#website\"},\"primaryImageOfPage\":{\"@id\":\"https:\\\/\\\/adc.cat\\\/es\\\/blog-es\\\/activate-para-el-dia-mundial-de-la-diabetes\\\/#primaryimage\"},\"image\":{\"@id\":\"https:\\\/\\\/adc.cat\\\/es\\\/blog-es\\\/activate-para-el-dia-mundial-de-la-diabetes\\\/#primaryimage\"},\"thumbnailUrl\":\"https:\\\/\\\/adc.cat\\\/wp-content\\\/uploads\\\/2024\\\/10\\\/loteria1.jpg\",\"datePublished\":\"2024-10-01T07:25:18+00:00\",\"dateModified\":\"2025-09-01T08:57:55+00:00\",\"description\":\"\u00bfEst\u00e1s pensando en realizar alguna actividad para celebrar el D\u00eda Mundial de la Diabetes el pr\u00f3ximo 14 de noviembre? \u00a1Desde la ADC te ayudamos!\",\"breadcrumb\":{\"@id\":\"https:\\\/\\\/adc.cat\\\/es\\\/blog-es\\\/activate-para-el-dia-mundial-de-la-diabetes\\\/#breadcrumb\"},\"inLanguage\":\"es\",\"potentialAction\":[{\"@type\":\"ReadAction\",\"target\":[\"https:\\\/\\\/adc.cat\\\/es\\\/blog-es\\\/activate-para-el-dia-mundial-de-la-diabetes\\\/\"]}]},{\"@type\":\"ImageObject\",\"inLanguage\":\"es\",\"@id\":\"https:\\\/\\\/adc.cat\\\/es\\\/blog-es\\\/activate-para-el-dia-mundial-de-la-diabetes\\\/#primaryimage\",\"url\":\"https:\\\/\\\/adc.cat\\\/wp-content\\\/uploads\\\/2024\\\/10\\\/loteria1.jpg\",\"contentUrl\":\"https:\\\/\\\/adc.cat\\\/wp-content\\\/uploads\\\/2024\\\/10\\\/loteria1.jpg\",\"width\":1080,\"height\":681,\"caption\":\"Publicaci\u00f3n de Instagram Consumo Sostenible Cambio Clim\u00e1tico Limpio y Corporativo Verde Azulado y Azul - loteria\"},{\"@type\":\"BreadcrumbList\",\"@id\":\"https:\\\/\\\/adc.cat\\\/es\\\/blog-es\\\/activate-para-el-dia-mundial-de-la-diabetes\\\/#breadcrumb\",\"itemListElement\":[{\"@type\":\"ListItem\",\"position\":1,\"name\":\"Portada\",\"item\":\"https:\\\/\\\/adc.cat\\\/es\\\/\"},{\"@type\":\"ListItem\",\"position\":2,\"name\":\"\u00a1Act\u00edvate para el D\u00eda Mundial de la Diabetes!\"}]},{\"@type\":\"WebSite\",\"@id\":\"https:\\\/\\\/adc.cat\\\/es\\\/#website\",\"url\":\"https:\\\/\\\/adc.cat\\\/es\\\/\",\"name\":\"ADC \u2013 Associaci\u00f3 de Diabetis de Catalunya\",\"description\":\"L&#039;ADC representa els pacients amb diabetis de Catalunya. Els nostres objectius: informar, aconsellar, ajudar i defensar les persones amb diabetis i promoure la sensibilitzaci\u00f3 de la resta de la societat\",\"publisher\":{\"@id\":\"https:\\\/\\\/adc.cat\\\/es\\\/#organization\"},\"potentialAction\":[{\"@type\":\"SearchAction\",\"target\":{\"@type\":\"EntryPoint\",\"urlTemplate\":\"https:\\\/\\\/adc.cat\\\/es\\\/?s={search_term_string}\"},\"query-input\":{\"@type\":\"PropertyValueSpecification\",\"valueRequired\":true,\"valueName\":\"search_term_string\"}}],\"inLanguage\":\"es\"},{\"@type\":\"Organization\",\"@id\":\"https:\\\/\\\/adc.cat\\\/es\\\/#organization\",\"name\":\"Associaci\u00f3 de Diabetis de Catalunya\",\"url\":\"https:\\\/\\\/adc.cat\\\/es\\\/\",\"logo\":{\"@type\":\"ImageObject\",\"inLanguage\":\"es\",\"@id\":\"https:\\\/\\\/adc.cat\\\/es\\\/#\\\/schema\\\/logo\\\/image\\\/\",\"url\":\"https:\\\/\\\/adc.cat\\\/wp-content\\\/uploads\\\/2022\\\/01\\\/associacio_de_diabetis_catalunya.png\",\"contentUrl\":\"https:\\\/\\\/adc.cat\\\/wp-content\\\/uploads\\\/2022\\\/01\\\/associacio_de_diabetis_catalunya.png\",\"width\":512,\"height\":239,\"caption\":\"Associaci\u00f3 de Diabetis de Catalunya\"},\"image\":{\"@id\":\"https:\\\/\\\/adc.cat\\\/es\\\/#\\\/schema\\\/logo\\\/image\\\/\"},\"sameAs\":[\"https:\\\/\\\/www.facebook.com\\\/ADC.CAT\\\/\",\"https:\\\/\\\/x.com\\\/ADC_CAT\",\"https:\\\/\\\/www.instagram.com\\\/adc_cat\\\/\",\"https:\\\/\\\/www.linkedin.com\\\/company\\\/associacio-de-diabetis-de-catalunya\",\"https:\\\/\\\/www.youtube.com\\\/channel\\\/UC7BiJMxG_5sHYUhMAlevAWA\"]},{\"@type\":\"Person\",\"@id\":\"https:\\\/\\\/adc.cat\\\/es\\\/#\\\/schema\\\/person\\\/c3095eda6e9c2068ff66a789795e0685\",\"name\":\"Sandra\",\"image\":{\"@type\":\"ImageObject\",\"inLanguage\":\"es\",\"@id\":\"https:\\\/\\\/secure.gravatar.com\\\/avatar\\\/0a992a44e4e0c2d0d7cb96813afd74f2b3b4ba44b154a672987b5285d79bb9c0?s=96&d=mm&r=g\",\"url\":\"https:\\\/\\\/secure.gravatar.com\\\/avatar\\\/0a992a44e4e0c2d0d7cb96813afd74f2b3b4ba44b154a672987b5285d79bb9c0?s=96&d=mm&r=g\",\"contentUrl\":\"https:\\\/\\\/secure.gravatar.com\\\/avatar\\\/0a992a44e4e0c2d0d7cb96813afd74f2b3b4ba44b154a672987b5285d79bb9c0?s=96&d=mm&r=g\",\"caption\":\"Sandra\"}}]}<\/script>\n<!-- \/ Yoast SEO plugin. -->","yoast_head_json":{"title":"\u00a1Act\u00edvate para el D\u00eda Mundial de la Diabetes! - ADC \u2013 Associaci\u00f3 de Diabetis de Catalunya","description":"\u00bfEst\u00e1s pensando en realizar alguna actividad para celebrar el D\u00eda Mundial de la Diabetes el pr\u00f3ximo 14 de noviembre? \u00a1Desde la ADC te ayudamos!","robots":{"index":"index","follow":"follow","max-snippet":"max-snippet:-1","max-image-preview":"max-image-preview:large","max-video-preview":"max-video-preview:-1"},"canonical":"https:\/\/adc.cat\/es\/blog-es\/activate-para-el-dia-mundial-de-la-diabetes\/","og_locale":"es_ES","og_type":"article","og_title":"Men\u00fa mensual ADC h\u00e1bitos saludables","og_description":"\u00bfEst\u00e1s pensando en realizar alguna actividad para celebrar el D\u00eda Mundial de la Diabetes el pr\u00f3ximo 14 de noviembre? \u00a1Desde la ADC te ayudamos!","og_url":"https:\/\/adc.cat\/es\/blog-es\/activate-para-el-dia-mundial-de-la-diabetes\/","og_site_name":"ADC \u2013 Associaci\u00f3 de Diabetis de Catalunya","article_publisher":"https:\/\/www.facebook.com\/ADC.CAT\/","article_published_time":"2024-10-01T07:25:18+00:00","article_modified_time":"2025-09-01T08:57:55+00:00","og_image":[{"url":"https:\/\/adc.cat\/wp-content\/uploads\/2023\/05\/menu-mensual-mayo-1024x576.jpg","type":"","width":"","height":""}],"author":"Sandra","twitter_card":"summary_large_image","twitter_title":"Men\u00fa mensual ADC h\u00e1bitos saludables","twitter_description":"\u00bfEst\u00e1s pensando en realizar alguna actividad para celebrar el D\u00eda Mundial de la Diabetes el pr\u00f3ximo 14 de noviembre? \u00a1Desde la ADC te ayudamos!","twitter_image":"https:\/\/adc.cat\/wp-content\/uploads\/2023\/05\/menu-mensual-mayo-1024x576.jpg","twitter_creator":"@ADC_CAT","twitter_site":"@ADC_CAT","twitter_misc":{"Escrito por":"Sandra","Tiempo de lectura":"1 minuto"},"schema":{"@context":"https:\/\/schema.org","@graph":[{"@type":"Article","@id":"https:\/\/adc.cat\/es\/blog-es\/activate-para-el-dia-mundial-de-la-diabetes\/#article","isPartOf":{"@id":"https:\/\/adc.cat\/es\/blog-es\/activate-para-el-dia-mundial-de-la-diabetes\/"},"author":{"name":"Sandra","@id":"https:\/\/adc.cat\/es\/#\/schema\/person\/c3095eda6e9c2068ff66a789795e0685"},"headline":"\u00a1Act\u00edvate para el D\u00eda Mundial de la Diabetes!","datePublished":"2024-10-01T07:25:18+00:00","dateModified":"2025-09-01T08:57:55+00:00","mainEntityOfPage":{"@id":"https:\/\/adc.cat\/es\/blog-es\/activate-para-el-dia-mundial-de-la-diabetes\/"},"wordCount":158,"publisher":{"@id":"https:\/\/adc.cat\/es\/#organization"},"image":{"@id":"https:\/\/adc.cat\/es\/blog-es\/activate-para-el-dia-mundial-de-la-diabetes\/#primaryimage"},"thumbnailUrl":"https:\/\/adc.cat\/wp-content\/uploads\/2024\/10\/loteria1.jpg","articleSection":["Blog"],"inLanguage":"es"},{"@type":"WebPage","@id":"https:\/\/adc.cat\/es\/blog-es\/activate-para-el-dia-mundial-de-la-diabetes\/","url":"https:\/\/adc.cat\/es\/blog-es\/activate-para-el-dia-mundial-de-la-diabetes\/","name":"\u00a1Act\u00edvate para el D\u00eda Mundial de la Diabetes! - ADC \u2013 Associaci\u00f3 de Diabetis de Catalunya","isPartOf":{"@id":"https:\/\/adc.cat\/es\/#website"},"primaryImageOfPage":{"@id":"https:\/\/adc.cat\/es\/blog-es\/activate-para-el-dia-mundial-de-la-diabetes\/#primaryimage"},"image":{"@id":"https:\/\/adc.cat\/es\/blog-es\/activate-para-el-dia-mundial-de-la-diabetes\/#primaryimage"},"thumbnailUrl":"https:\/\/adc.cat\/wp-content\/uploads\/2024\/10\/loteria1.jpg","datePublished":"2024-10-01T07:25:18+00:00","dateModified":"2025-09-01T08:57:55+00:00","description":"\u00bfEst\u00e1s pensando en realizar alguna actividad para celebrar el D\u00eda Mundial de la Diabetes el pr\u00f3ximo 14 de noviembre? \u00a1Desde la ADC te ayudamos!","breadcrumb":{"@id":"https:\/\/adc.cat\/es\/blog-es\/activate-para-el-dia-mundial-de-la-diabetes\/#breadcrumb"},"inLanguage":"es","potentialAction":[{"@type":"ReadAction","target":["https:\/\/adc.cat\/es\/blog-es\/activate-para-el-dia-mundial-de-la-diabetes\/"]}]},{"@type":"ImageObject","inLanguage":"es","@id":"https:\/\/adc.cat\/es\/blog-es\/activate-para-el-dia-mundial-de-la-diabetes\/#primaryimage","url":"https:\/\/adc.cat\/wp-content\/uploads\/2024\/10\/loteria1.jpg","contentUrl":"https:\/\/adc.cat\/wp-content\/uploads\/2024\/10\/loteria1.jpg","width":1080,"height":681,"caption":"Publicaci\u00f3n de Instagram Consumo Sostenible Cambio Clim\u00e1tico Limpio y Corporativo Verde Azulado y Azul - loteria"},{"@type":"BreadcrumbList","@id":"https:\/\/adc.cat\/es\/blog-es\/activate-para-el-dia-mundial-de-la-diabetes\/#breadcrumb","itemListElement":[{"@type":"ListItem","position":1,"name":"Portada","item":"https:\/\/adc.cat\/es\/"},{"@type":"ListItem","position":2,"name":"\u00a1Act\u00edvate para el D\u00eda Mundial de la Diabetes!"}]},{"@type":"WebSite","@id":"https:\/\/adc.cat\/es\/#website","url":"https:\/\/adc.cat\/es\/","name":"ADC \u2013 Associaci\u00f3 de Diabetis de Catalunya","description":"L&#039;ADC representa els pacients amb diabetis de Catalunya. Els nostres objectius: informar, aconsellar, ajudar i defensar les persones amb diabetis i promoure la sensibilitzaci\u00f3 de la resta de la societat","publisher":{"@id":"https:\/\/adc.cat\/es\/#organization"},"potentialAction":[{"@type":"SearchAction","target":{"@type":"EntryPoint","urlTemplate":"https:\/\/adc.cat\/es\/?s={search_term_string}"},"query-input":{"@type":"PropertyValueSpecification","valueRequired":true,"valueName":"search_term_string"}}],"inLanguage":"es"},{"@type":"Organization","@id":"https:\/\/adc.cat\/es\/#organization","name":"Associaci\u00f3 de Diabetis de Catalunya","url":"https:\/\/adc.cat\/es\/","logo":{"@type":"ImageObject","inLanguage":"es","@id":"https:\/\/adc.cat\/es\/#\/schema\/logo\/image\/","url":"https:\/\/adc.cat\/wp-content\/uploads\/2022\/01\/associacio_de_diabetis_catalunya.png","contentUrl":"https:\/\/adc.cat\/wp-content\/uploads\/2022\/01\/associacio_de_diabetis_catalunya.png","width":512,"height":239,"caption":"Associaci\u00f3 de Diabetis de Catalunya"},"image":{"@id":"https:\/\/adc.cat\/es\/#\/schema\/logo\/image\/"},"sameAs":["https:\/\/www.facebook.com\/ADC.CAT\/","https:\/\/x.com\/ADC_CAT","https:\/\/www.instagram.com\/adc_cat\/","https:\/\/www.linkedin.com\/company\/associacio-de-diabetis-de-catalunya","https:\/\/www.youtube.com\/channel\/UC7BiJMxG_5sHYUhMAlevAWA"]},{"@type":"Person","@id":"https:\/\/adc.cat\/es\/#\/schema\/person\/c3095eda6e9c2068ff66a789795e0685","name":"Sandra","image":{"@type":"ImageObject","inLanguage":"es","@id":"https:\/\/secure.gravatar.com\/avatar\/0a992a44e4e0c2d0d7cb96813afd74f2b3b4ba44b154a672987b5285d79bb9c0?s=96&d=mm&r=g","url":"https:\/\/secure.gravatar.com\/avatar\/0a992a44e4e0c2d0d7cb96813afd74f2b3b4ba44b154a672987b5285d79bb9c0?s=96&d=mm&r=g","contentUrl":"https:\/\/secure.gravatar.com\/avatar\/0a992a44e4e0c2d0d7cb96813afd74f2b3b4ba44b154a672987b5285d79bb9c0?s=96&d=mm&r=g","caption":"Sandra"}}]}},"_links":{"self":[{"href":"https:\/\/adc.cat\/es\/wp-json\/wp\/v2\/posts\/47259","targetHints":{"allow":["GET"]}}],"collection":[{"href":"https:\/\/adc.cat\/es\/wp-json\/wp\/v2\/posts"}],"about":[{"href":"https:\/\/adc.cat\/es\/wp-json\/wp\/v2\/types\/post"}],"author":[{"embeddable":true,"href":"https:\/\/adc.cat\/es\/wp-json\/wp\/v2\/users\/2"}],"replies":[{"embeddable":true,"href":"https:\/\/adc.cat\/es\/wp-json\/wp\/v2\/comments?post=47259"}],"version-history":[{"count":3,"href":"https:\/\/adc.cat\/es\/wp-json\/wp\/v2\/posts\/47259\/revisions"}],"predecessor-version":[{"id":47264,"href":"https:\/\/adc.cat\/es\/wp-json\/wp\/v2\/posts\/47259\/revisions\/47264"}],"wp:featuredmedia":[{"embeddable":true,"href":"https:\/\/adc.cat\/es\/wp-json\/wp\/v2\/media\/47263"}],"wp:attachment":[{"href":"https:\/\/adc.cat\/es\/wp-json\/wp\/v2\/media?parent=47259"}],"wp:term":[{"taxonomy":"category","embeddable":true,"href":"https:\/\/adc.cat\/es\/wp-json\/wp\/v2\/categories?post=47259"},{"taxonomy":"post_tag","embeddable":true,"href":"https:\/\/adc.cat\/es\/wp-json\/wp\/v2\/tags?post=47259"}],"curies":[{"name":"wp","href":"https:\/\/api.w.org\/{rel}","templated":true}]}}