{"id":47282,"date":"2024-10-01T10:22:26","date_gmt":"2024-10-01T08:22:26","guid":{"rendered":"https:\/\/adc.cat\/sin-categorizar\/colaboracion-con-el-colegio-de-farmaceuticos-de-barcelona\/"},"modified":"2024-10-01T10:32:45","modified_gmt":"2024-10-01T08:32:45","slug":"colaboracion-con-el-colegio-de-farmaceuticos-de-barcelona","status":"publish","type":"post","link":"https:\/\/adc.cat\/es\/relaciones-institucionales\/colaboracion-con-el-colegio-de-farmaceuticos-de-barcelona\/","title":{"rendered":"Colaboraci\u00f3n con el colegio de farmac\u00e9uticos de Barcelona"},"content":{"rendered":"<p>[et_pb_section fb_built=\u00bb1&#8243; admin_label=\u00bbsection\u00bb _builder_version=\u00bb4.16&#8243; global_colors_info=\u00bb{}\u00bb][et_pb_row admin_label=\u00bbrow\u00bb _builder_version=\u00bb4.16&#8243; background_size=\u00bbinitial\u00bb background_position=\u00bbtop_left\u00bb background_repeat=\u00bbrepeat\u00bb global_colors_info=\u00bb{}\u00bb][et_pb_column type=\u00bb4_4&#8243; _builder_version=\u00bb4.16&#8243; custom_padding=\u00bb|||\u00bb global_colors_info=\u00bb{}\u00bb custom_padding__hover=\u00bb|||\u00bb][et_pb_image src=\u00bbhttps:\/\/adc.cat\/wp-content\/uploads\/2024\/10\/adc.jpg\u00bb title_text=\u00bbadc\u00bb align=\u00bbcenter\u00bb _builder_version=\u00bb4.27.0&#8243; _module_preset=\u00bbdefault\u00bb width=\u00bb57%\u00bb global_colors_info=\u00bb{}\u00bb][\/et_pb_image][et_pb_text _builder_version=\u00bb4.27.0&#8243; _module_preset=\u00bbdefault\u00bb global_colors_info=\u00bb{}\u00bb]<\/p>\n<div><\/p>\n<p>Hoy hemos tenido una reuni\u00f3n muy productiva con el Colegio de Farmac\u00e9uticos de Barcelona para impulsar nuevas actividades y acciones que mejoren la calidad de vida de las personas con diabetes. Entre los proyectos que se est\u00e1n desarrollando, destacamos una jornada de formaci\u00f3n espec\u00edfica para farmac\u00e9uticos, con el objetivo de mejorar la atenci\u00f3n a los pacientes a las farmacias, as\u00ed como la colaboraci\u00f3n en la difusi\u00f3n de materiales educativos sobre esta enfermedad.<\/p>\n<p><strong>Participantes en la reuni\u00f3n:<\/strong><\/p>\n<ul>\n<li>Cristina Rodr\u00edguez Caba, directora t\u00e9cnica del COF de Barcelona<\/li>\n<li>Sandra Canudas Maturana, gerente de la Asociaci\u00f3n Diabetes de Catalu\u00f1a<\/li>\n<li>Oscar Llans\u00f3 S\u00e1nchez, vocal de Alimentaci\u00f3n y Nutrici\u00f3n del COF de Barcelona<\/li>\n<li>Anna Heredia Soler, jefe del Departamento de Relaciones Institucionales del COF de Barcelona<\/li>\n<\/ul>\n<p>Esta colaboraci\u00f3n refuerza nuestro compromiso al proporcionar recursos y formaci\u00f3n que ayuden a mejorar la atenci\u00f3n de las personas con diabetes en todo el territorio.<\/p>\n<\/div>\n<p>[\/et_pb_text][\/et_pb_column][\/et_pb_row][\/et_pb_section]<\/p>\n","protected":false},"excerpt":{"rendered":"<p>Colaboraci\u00f3n con el colegio de farmac\u00e9uticos de Barcelona para mejorar la atenci\u00f3n a personas con diabetes<\/p>\n","protected":false},"author":2,"featured_media":0,"comment_status":"closed","ping_status":"closed","sticky":false,"template":"","format":"standard","meta":{"_et_pb_use_builder":"on","_et_pb_old_content":"","_et_gb_content_width":"","footnotes":""},"categories":[68],"tags":[],"class_list":["post-47282","post","type-post","status-publish","format-standard","hentry","category-relaciones-institucionales"],"yoast_head":"<!-- This site is optimized with the Yoast SEO plugin v27.4 - https:\/\/yoast.com\/product\/yoast-seo-wordpress\/ -->\n<title>Colaboraci\u00f3n con el colegio de farmac\u00e9uticos de Barcelona - ADC \u2013 Associaci\u00f3 de Diabetis de Catalunya<\/title>\n<meta name=\"description\" content=\"Colaboraci\u00f3n con el colegio de farmac\u00e9uticos de Barcelona para mejorar la atenci\u00f3n a personas con diabetes\" \/>\n<meta name=\"robots\" content=\"index, follow, max-snippet:-1, max-image-preview:large, max-video-preview:-1\" \/>\n<link rel=\"canonical\" href=\"https:\/\/adc.cat\/es\/relaciones-institucionales\/colaboracion-con-el-colegio-de-farmaceuticos-de-barcelona\/\" \/>\n<meta property=\"og:locale\" content=\"es_ES\" \/>\n<meta property=\"og:type\" content=\"article\" \/>\n<meta property=\"og:title\" content=\"Colaboraci\u00f3n con el colegio de farmac\u00e9uticos de Barcelona\" \/>\n<meta property=\"og:description\" content=\"Colaboraci\u00f3n con el colegio de farmac\u00e9uticos de Barcelona para mejorar la atenci\u00f3n a personas con diabetes\" \/>\n<meta property=\"og:url\" content=\"https:\/\/adc.cat\/es\/relaciones-institucionales\/colaboracion-con-el-colegio-de-farmaceuticos-de-barcelona\/\" \/>\n<meta property=\"og:site_name\" content=\"ADC \u2013 Associaci\u00f3 de Diabetis de Catalunya\" \/>\n<meta property=\"article:publisher\" content=\"https:\/\/www.facebook.com\/ADC.CAT\/\" \/>\n<meta property=\"article:published_time\" content=\"2024-10-01T08:22:26+00:00\" \/>\n<meta property=\"article:modified_time\" content=\"2024-10-01T08:32:45+00:00\" \/>\n<meta property=\"og:image\" content=\"https:\/\/adc.cat\/wp-content\/uploads\/2023\/05\/menu-mensual-mayo-1024x576.jpg\" \/>\n<meta name=\"author\" content=\"Sandra\" \/>\n<meta name=\"twitter:card\" content=\"summary_large_image\" \/>\n<meta name=\"twitter:title\" content=\"Colaboraci\u00f3n con el colegio de farmac\u00e9uticos de Barcelona\" \/>\n<meta name=\"twitter:description\" content=\"Colaboraci\u00f3n con el colegio de farmac\u00e9uticos de Barcelona para mejorar la atenci\u00f3n a personas con diabetes\" \/>\n<meta name=\"twitter:image\" content=\"https:\/\/adc.cat\/wp-content\/uploads\/2023\/05\/menu-mensual-mayo-1024x576.jpg\" \/>\n<meta name=\"twitter:creator\" content=\"@ADC_CAT\" \/>\n<meta name=\"twitter:site\" content=\"@ADC_CAT\" \/>\n<meta name=\"twitter:label1\" content=\"Escrito por\" \/>\n\t<meta name=\"twitter:data1\" content=\"Sandra\" \/>\n\t<meta name=\"twitter:label2\" content=\"Tiempo de lectura\" \/>\n\t<meta name=\"twitter:data2\" content=\"1 minuto\" \/>\n<script type=\"application\/ld+json\" class=\"yoast-schema-graph\">{\"@context\":\"https:\\\/\\\/schema.org\",\"@graph\":[{\"@type\":\"Article\",\"@id\":\"https:\\\/\\\/adc.cat\\\/es\\\/relaciones-institucionales\\\/colaboracion-con-el-colegio-de-farmaceuticos-de-barcelona\\\/#article\",\"isPartOf\":{\"@id\":\"https:\\\/\\\/adc.cat\\\/es\\\/relaciones-institucionales\\\/colaboracion-con-el-colegio-de-farmaceuticos-de-barcelona\\\/\"},\"author\":{\"name\":\"Sandra\",\"@id\":\"https:\\\/\\\/adc.cat\\\/es\\\/#\\\/schema\\\/person\\\/c3095eda6e9c2068ff66a789795e0685\"},\"headline\":\"Colaboraci\u00f3n con el colegio de farmac\u00e9uticos de Barcelona\",\"datePublished\":\"2024-10-01T08:22:26+00:00\",\"dateModified\":\"2024-10-01T08:32:45+00:00\",\"mainEntityOfPage\":{\"@id\":\"https:\\\/\\\/adc.cat\\\/es\\\/relaciones-institucionales\\\/colaboracion-con-el-colegio-de-farmaceuticos-de-barcelona\\\/\"},\"wordCount\":274,\"publisher\":{\"@id\":\"https:\\\/\\\/adc.cat\\\/es\\\/#organization\"},\"articleSection\":[\"Relaciones institucionales\"],\"inLanguage\":\"es\"},{\"@type\":\"WebPage\",\"@id\":\"https:\\\/\\\/adc.cat\\\/es\\\/relaciones-institucionales\\\/colaboracion-con-el-colegio-de-farmaceuticos-de-barcelona\\\/\",\"url\":\"https:\\\/\\\/adc.cat\\\/es\\\/relaciones-institucionales\\\/colaboracion-con-el-colegio-de-farmaceuticos-de-barcelona\\\/\",\"name\":\"Colaboraci\u00f3n con el colegio de farmac\u00e9uticos de Barcelona - ADC \u2013 Associaci\u00f3 de Diabetis de Catalunya\",\"isPartOf\":{\"@id\":\"https:\\\/\\\/adc.cat\\\/es\\\/#website\"},\"datePublished\":\"2024-10-01T08:22:26+00:00\",\"dateModified\":\"2024-10-01T08:32:45+00:00\",\"description\":\"Colaboraci\u00f3n con el colegio de farmac\u00e9uticos de Barcelona para mejorar la atenci\u00f3n a personas con diabetes\",\"breadcrumb\":{\"@id\":\"https:\\\/\\\/adc.cat\\\/es\\\/relaciones-institucionales\\\/colaboracion-con-el-colegio-de-farmaceuticos-de-barcelona\\\/#breadcrumb\"},\"inLanguage\":\"es\",\"potentialAction\":[{\"@type\":\"ReadAction\",\"target\":[\"https:\\\/\\\/adc.cat\\\/es\\\/relaciones-institucionales\\\/colaboracion-con-el-colegio-de-farmaceuticos-de-barcelona\\\/\"]}]},{\"@type\":\"BreadcrumbList\",\"@id\":\"https:\\\/\\\/adc.cat\\\/es\\\/relaciones-institucionales\\\/colaboracion-con-el-colegio-de-farmaceuticos-de-barcelona\\\/#breadcrumb\",\"itemListElement\":[{\"@type\":\"ListItem\",\"position\":1,\"name\":\"Portada\",\"item\":\"https:\\\/\\\/adc.cat\\\/es\\\/\"},{\"@type\":\"ListItem\",\"position\":2,\"name\":\"Colaboraci\u00f3n con el colegio de farmac\u00e9uticos de Barcelona\"}]},{\"@type\":\"WebSite\",\"@id\":\"https:\\\/\\\/adc.cat\\\/es\\\/#website\",\"url\":\"https:\\\/\\\/adc.cat\\\/es\\\/\",\"name\":\"ADC \u2013 Associaci\u00f3 de Diabetis de Catalunya\",\"description\":\"L&#039;ADC representa els pacients amb diabetis de Catalunya. Els nostres objectius: informar, aconsellar, ajudar i defensar les persones amb diabetis i promoure la sensibilitzaci\u00f3 de la resta de la societat\",\"publisher\":{\"@id\":\"https:\\\/\\\/adc.cat\\\/es\\\/#organization\"},\"potentialAction\":[{\"@type\":\"SearchAction\",\"target\":{\"@type\":\"EntryPoint\",\"urlTemplate\":\"https:\\\/\\\/adc.cat\\\/es\\\/?s={search_term_string}\"},\"query-input\":{\"@type\":\"PropertyValueSpecification\",\"valueRequired\":true,\"valueName\":\"search_term_string\"}}],\"inLanguage\":\"es\"},{\"@type\":\"Organization\",\"@id\":\"https:\\\/\\\/adc.cat\\\/es\\\/#organization\",\"name\":\"Associaci\u00f3 de Diabetis de Catalunya\",\"url\":\"https:\\\/\\\/adc.cat\\\/es\\\/\",\"logo\":{\"@type\":\"ImageObject\",\"inLanguage\":\"es\",\"@id\":\"https:\\\/\\\/adc.cat\\\/es\\\/#\\\/schema\\\/logo\\\/image\\\/\",\"url\":\"https:\\\/\\\/adc.cat\\\/wp-content\\\/uploads\\\/2022\\\/01\\\/associacio_de_diabetis_catalunya.png\",\"contentUrl\":\"https:\\\/\\\/adc.cat\\\/wp-content\\\/uploads\\\/2022\\\/01\\\/associacio_de_diabetis_catalunya.png\",\"width\":512,\"height\":239,\"caption\":\"Associaci\u00f3 de Diabetis de Catalunya\"},\"image\":{\"@id\":\"https:\\\/\\\/adc.cat\\\/es\\\/#\\\/schema\\\/logo\\\/image\\\/\"},\"sameAs\":[\"https:\\\/\\\/www.facebook.com\\\/ADC.CAT\\\/\",\"https:\\\/\\\/x.com\\\/ADC_CAT\",\"https:\\\/\\\/www.instagram.com\\\/adc_cat\\\/\",\"https:\\\/\\\/www.linkedin.com\\\/company\\\/associacio-de-diabetis-de-catalunya\",\"https:\\\/\\\/www.youtube.com\\\/channel\\\/UC7BiJMxG_5sHYUhMAlevAWA\"]},{\"@type\":\"Person\",\"@id\":\"https:\\\/\\\/adc.cat\\\/es\\\/#\\\/schema\\\/person\\\/c3095eda6e9c2068ff66a789795e0685\",\"name\":\"Sandra\",\"image\":{\"@type\":\"ImageObject\",\"inLanguage\":\"es\",\"@id\":\"https:\\\/\\\/secure.gravatar.com\\\/avatar\\\/0a992a44e4e0c2d0d7cb96813afd74f2b3b4ba44b154a672987b5285d79bb9c0?s=96&d=mm&r=g\",\"url\":\"https:\\\/\\\/secure.gravatar.com\\\/avatar\\\/0a992a44e4e0c2d0d7cb96813afd74f2b3b4ba44b154a672987b5285d79bb9c0?s=96&d=mm&r=g\",\"contentUrl\":\"https:\\\/\\\/secure.gravatar.com\\\/avatar\\\/0a992a44e4e0c2d0d7cb96813afd74f2b3b4ba44b154a672987b5285d79bb9c0?s=96&d=mm&r=g\",\"caption\":\"Sandra\"}}]}<\/script>\n<!-- \/ Yoast SEO plugin. -->","yoast_head_json":{"title":"Colaboraci\u00f3n con el colegio de farmac\u00e9uticos de Barcelona - ADC \u2013 Associaci\u00f3 de Diabetis de Catalunya","description":"Colaboraci\u00f3n con el colegio de farmac\u00e9uticos de Barcelona para mejorar la atenci\u00f3n a personas con diabetes","robots":{"index":"index","follow":"follow","max-snippet":"max-snippet:-1","max-image-preview":"max-image-preview:large","max-video-preview":"max-video-preview:-1"},"canonical":"https:\/\/adc.cat\/es\/relaciones-institucionales\/colaboracion-con-el-colegio-de-farmaceuticos-de-barcelona\/","og_locale":"es_ES","og_type":"article","og_title":"Colaboraci\u00f3n con el colegio de farmac\u00e9uticos de Barcelona","og_description":"Colaboraci\u00f3n con el colegio de farmac\u00e9uticos de Barcelona para mejorar la atenci\u00f3n a personas con diabetes","og_url":"https:\/\/adc.cat\/es\/relaciones-institucionales\/colaboracion-con-el-colegio-de-farmaceuticos-de-barcelona\/","og_site_name":"ADC \u2013 Associaci\u00f3 de Diabetis de Catalunya","article_publisher":"https:\/\/www.facebook.com\/ADC.CAT\/","article_published_time":"2024-10-01T08:22:26+00:00","article_modified_time":"2024-10-01T08:32:45+00:00","og_image":[{"url":"https:\/\/adc.cat\/wp-content\/uploads\/2023\/05\/menu-mensual-mayo-1024x576.jpg","type":"","width":"","height":""}],"author":"Sandra","twitter_card":"summary_large_image","twitter_title":"Colaboraci\u00f3n con el colegio de farmac\u00e9uticos de Barcelona","twitter_description":"Colaboraci\u00f3n con el colegio de farmac\u00e9uticos de Barcelona para mejorar la atenci\u00f3n a personas con diabetes","twitter_image":"https:\/\/adc.cat\/wp-content\/uploads\/2023\/05\/menu-mensual-mayo-1024x576.jpg","twitter_creator":"@ADC_CAT","twitter_site":"@ADC_CAT","twitter_misc":{"Escrito por":"Sandra","Tiempo de lectura":"1 minuto"},"schema":{"@context":"https:\/\/schema.org","@graph":[{"@type":"Article","@id":"https:\/\/adc.cat\/es\/relaciones-institucionales\/colaboracion-con-el-colegio-de-farmaceuticos-de-barcelona\/#article","isPartOf":{"@id":"https:\/\/adc.cat\/es\/relaciones-institucionales\/colaboracion-con-el-colegio-de-farmaceuticos-de-barcelona\/"},"author":{"name":"Sandra","@id":"https:\/\/adc.cat\/es\/#\/schema\/person\/c3095eda6e9c2068ff66a789795e0685"},"headline":"Colaboraci\u00f3n con el colegio de farmac\u00e9uticos de Barcelona","datePublished":"2024-10-01T08:22:26+00:00","dateModified":"2024-10-01T08:32:45+00:00","mainEntityOfPage":{"@id":"https:\/\/adc.cat\/es\/relaciones-institucionales\/colaboracion-con-el-colegio-de-farmaceuticos-de-barcelona\/"},"wordCount":274,"publisher":{"@id":"https:\/\/adc.cat\/es\/#organization"},"articleSection":["Relaciones institucionales"],"inLanguage":"es"},{"@type":"WebPage","@id":"https:\/\/adc.cat\/es\/relaciones-institucionales\/colaboracion-con-el-colegio-de-farmaceuticos-de-barcelona\/","url":"https:\/\/adc.cat\/es\/relaciones-institucionales\/colaboracion-con-el-colegio-de-farmaceuticos-de-barcelona\/","name":"Colaboraci\u00f3n con el colegio de farmac\u00e9uticos de Barcelona - ADC \u2013 Associaci\u00f3 de Diabetis de Catalunya","isPartOf":{"@id":"https:\/\/adc.cat\/es\/#website"},"datePublished":"2024-10-01T08:22:26+00:00","dateModified":"2024-10-01T08:32:45+00:00","description":"Colaboraci\u00f3n con el colegio de farmac\u00e9uticos de Barcelona para mejorar la atenci\u00f3n a personas con diabetes","breadcrumb":{"@id":"https:\/\/adc.cat\/es\/relaciones-institucionales\/colaboracion-con-el-colegio-de-farmaceuticos-de-barcelona\/#breadcrumb"},"inLanguage":"es","potentialAction":[{"@type":"ReadAction","target":["https:\/\/adc.cat\/es\/relaciones-institucionales\/colaboracion-con-el-colegio-de-farmaceuticos-de-barcelona\/"]}]},{"@type":"BreadcrumbList","@id":"https:\/\/adc.cat\/es\/relaciones-institucionales\/colaboracion-con-el-colegio-de-farmaceuticos-de-barcelona\/#breadcrumb","itemListElement":[{"@type":"ListItem","position":1,"name":"Portada","item":"https:\/\/adc.cat\/es\/"},{"@type":"ListItem","position":2,"name":"Colaboraci\u00f3n con el colegio de farmac\u00e9uticos de Barcelona"}]},{"@type":"WebSite","@id":"https:\/\/adc.cat\/es\/#website","url":"https:\/\/adc.cat\/es\/","name":"ADC \u2013 Associaci\u00f3 de Diabetis de Catalunya","description":"L&#039;ADC representa els pacients amb diabetis de Catalunya. Els nostres objectius: informar, aconsellar, ajudar i defensar les persones amb diabetis i promoure la sensibilitzaci\u00f3 de la resta de la societat","publisher":{"@id":"https:\/\/adc.cat\/es\/#organization"},"potentialAction":[{"@type":"SearchAction","target":{"@type":"EntryPoint","urlTemplate":"https:\/\/adc.cat\/es\/?s={search_term_string}"},"query-input":{"@type":"PropertyValueSpecification","valueRequired":true,"valueName":"search_term_string"}}],"inLanguage":"es"},{"@type":"Organization","@id":"https:\/\/adc.cat\/es\/#organization","name":"Associaci\u00f3 de Diabetis de Catalunya","url":"https:\/\/adc.cat\/es\/","logo":{"@type":"ImageObject","inLanguage":"es","@id":"https:\/\/adc.cat\/es\/#\/schema\/logo\/image\/","url":"https:\/\/adc.cat\/wp-content\/uploads\/2022\/01\/associacio_de_diabetis_catalunya.png","contentUrl":"https:\/\/adc.cat\/wp-content\/uploads\/2022\/01\/associacio_de_diabetis_catalunya.png","width":512,"height":239,"caption":"Associaci\u00f3 de Diabetis de Catalunya"},"image":{"@id":"https:\/\/adc.cat\/es\/#\/schema\/logo\/image\/"},"sameAs":["https:\/\/www.facebook.com\/ADC.CAT\/","https:\/\/x.com\/ADC_CAT","https:\/\/www.instagram.com\/adc_cat\/","https:\/\/www.linkedin.com\/company\/associacio-de-diabetis-de-catalunya","https:\/\/www.youtube.com\/channel\/UC7BiJMxG_5sHYUhMAlevAWA"]},{"@type":"Person","@id":"https:\/\/adc.cat\/es\/#\/schema\/person\/c3095eda6e9c2068ff66a789795e0685","name":"Sandra","image":{"@type":"ImageObject","inLanguage":"es","@id":"https:\/\/secure.gravatar.com\/avatar\/0a992a44e4e0c2d0d7cb96813afd74f2b3b4ba44b154a672987b5285d79bb9c0?s=96&d=mm&r=g","url":"https:\/\/secure.gravatar.com\/avatar\/0a992a44e4e0c2d0d7cb96813afd74f2b3b4ba44b154a672987b5285d79bb9c0?s=96&d=mm&r=g","contentUrl":"https:\/\/secure.gravatar.com\/avatar\/0a992a44e4e0c2d0d7cb96813afd74f2b3b4ba44b154a672987b5285d79bb9c0?s=96&d=mm&r=g","caption":"Sandra"}}]}},"_links":{"self":[{"href":"https:\/\/adc.cat\/es\/wp-json\/wp\/v2\/posts\/47282","targetHints":{"allow":["GET"]}}],"collection":[{"href":"https:\/\/adc.cat\/es\/wp-json\/wp\/v2\/posts"}],"about":[{"href":"https:\/\/adc.cat\/es\/wp-json\/wp\/v2\/types\/post"}],"author":[{"embeddable":true,"href":"https:\/\/adc.cat\/es\/wp-json\/wp\/v2\/users\/2"}],"replies":[{"embeddable":true,"href":"https:\/\/adc.cat\/es\/wp-json\/wp\/v2\/comments?post=47282"}],"version-history":[{"count":2,"href":"https:\/\/adc.cat\/es\/wp-json\/wp\/v2\/posts\/47282\/revisions"}],"predecessor-version":[{"id":47284,"href":"https:\/\/adc.cat\/es\/wp-json\/wp\/v2\/posts\/47282\/revisions\/47284"}],"wp:attachment":[{"href":"https:\/\/adc.cat\/es\/wp-json\/wp\/v2\/media?parent=47282"}],"wp:term":[{"taxonomy":"category","embeddable":true,"href":"https:\/\/adc.cat\/es\/wp-json\/wp\/v2\/categories?post=47282"},{"taxonomy":"post_tag","embeddable":true,"href":"https:\/\/adc.cat\/es\/wp-json\/wp\/v2\/tags?post=47282"}],"curies":[{"name":"wp","href":"https:\/\/api.w.org\/{rel}","templated":true}]}}