{"id":51990,"date":"2025-11-20T14:13:05","date_gmt":"2025-11-20T13:13:05","guid":{"rendered":"https:\/\/adc.cat\/sin-categorizar\/participacion-en-el-programa-de-abordaje-360o-del-paciente-con-diabetes\/"},"modified":"2025-11-20T14:13:05","modified_gmt":"2025-11-20T13:13:05","slug":"participacion-en-el-programa-de-abordaje-360o-del-paciente-con-diabetes","status":"publish","type":"post","link":"https:\/\/adc.cat\/es\/relaciones-institucionales\/participacion-en-el-programa-de-abordaje-360o-del-paciente-con-diabetes\/","title":{"rendered":"Participaci\u00f3n en el Programa de Abordaje 360\u00ba del Paciente con Diabetes"},"content":{"rendered":"<p>El Programa de Abordaje 360\u00ba del paciente con diabetes es una iniciativa para la cual la <span class=\"hiddenSpellError\">Associaci\u00f3<\/span> de Diabetis de <span class=\"hiddenSpellError\">Catalunya<\/span> ha colaborado con el <span class=\"hiddenSpellError\">Col\u00b7legi<\/span> Oficial de <span class=\"hiddenSpellError\">Farmac\u00e8utics<\/span> de Barcelona.<\/p>\n<p>Esta jornada ha tenido como objetivo actualizar los conocimientos de los farmac\u00e9uticos y proporcionarles herramientas \u00fatiles para sus tareas diarias, mientras reconocemos y potenciamos su papel como profesionales de la salud en la mejora de la calidad de vida de las personas con diabetes. El farmac\u00e9utico es, muchas veces, el profesional sanitario m\u00e1s cercano al paciente: le acompa\u00f1a, educa y monitoriza al largo de toda su trayectoria vital. Desde la oficina de farmacia, se refuerza la importancia del autocuidado, la prevenci\u00f3n, el diagn\u00f3stico y el tratamiento, aspectos esenciales para fomentar la autonom\u00eda del paciente y favorecer una mejor convivencia con la enfermedad.<\/p>\n<p>&nbsp;<\/p>\n<p>Los objetivos de la jornada han sido:<\/p>\n<ul>\n<li>Profundizar en el conocimiento de la diabetes mellitus tipo 1 (DM1), la tipo 2 (DM2) y el reconocimiento de la LADA.<\/li>\n<li>Actualizar los conocimientos sobre nuevos tratamientos disponibles.<\/li>\n<li>Conocer las opciones diet\u00e9ticas m\u00e1s adecuadas.<\/li>\n<li>Formar sobre la importancia del control gluc\u00e9mico y el uso de sistemas de monitorizaci\u00f3n continua en la DM2.<\/li>\n<li>Aprender a gestionar las comorbilidades asociadas a la patolog\u00eda.<\/li>\n<\/ul>\n","protected":false},"excerpt":{"rendered":"<p>El Programa de Abordaje 360\u00ba del paciente con diabetes es una iniciativa para la cual la Associaci\u00f3 de Diabetis de Catalunya ha colaborado con el Col\u00b7legi Oficial de Farmac\u00e8utics de Barcelona.<\/p>\n","protected":false},"author":2,"featured_media":51991,"comment_status":"closed","ping_status":"closed","sticky":false,"template":"","format":"standard","meta":{"_et_pb_use_builder":"","_et_pb_old_content":"","_et_gb_content_width":"","footnotes":""},"categories":[68],"tags":[],"class_list":["post-51990","post","type-post","status-publish","format-standard","has-post-thumbnail","hentry","category-relaciones-institucionales"],"yoast_head":"<!-- This site is optimized with the Yoast SEO plugin v27.4 - https:\/\/yoast.com\/product\/yoast-seo-wordpress\/ -->\n<title>Participaci\u00f3n en el Programa de Abordaje 360\u00ba del Paciente con Diabetes - ADC \u2013 Associaci\u00f3 de Diabetis de Catalunya<\/title>\n<meta name=\"description\" content=\"El Programa de Abordaje 360\u00ba del paciente con diabetes es una iniciativa para la cual la Associaci\u00f3 de Diabetis de Catalunya ha colaborado con el Col\u00b7legi Oficial de Farmac\u00e8utics de Barcelona.\" \/>\n<meta name=\"robots\" content=\"index, follow, max-snippet:-1, max-image-preview:large, max-video-preview:-1\" \/>\n<link rel=\"canonical\" href=\"https:\/\/adc.cat\/es\/relaciones-institucionales\/participacion-en-el-programa-de-abordaje-360o-del-paciente-con-diabetes\/\" \/>\n<meta property=\"og:locale\" content=\"es_ES\" \/>\n<meta property=\"og:type\" content=\"article\" \/>\n<meta property=\"og:title\" content=\"Participaci\u00f3n en el Programa de Abordaje 360\u00ba del Paciente con Diabetes - ADC \u2013 Associaci\u00f3 de Diabetis de Catalunya\" \/>\n<meta property=\"og:description\" content=\"El Programa de Abordaje 360\u00ba del paciente con diabetes es una iniciativa para la cual la Associaci\u00f3 de Diabetis de Catalunya ha colaborado con el Col\u00b7legi Oficial de Farmac\u00e8utics de Barcelona.\" \/>\n<meta property=\"og:url\" content=\"https:\/\/adc.cat\/es\/relaciones-institucionales\/participacion-en-el-programa-de-abordaje-360o-del-paciente-con-diabetes\/\" \/>\n<meta property=\"og:site_name\" content=\"ADC \u2013 Associaci\u00f3 de Diabetis de Catalunya\" \/>\n<meta property=\"article:publisher\" content=\"https:\/\/www.facebook.com\/ADC.CAT\/\" \/>\n<meta property=\"article:published_time\" content=\"2025-11-20T13:13:05+00:00\" \/>\n<meta property=\"og:image\" content=\"https:\/\/adc.cat\/wp-content\/uploads\/2025\/11\/jornada-cofab-adc-scaled.jpg\" \/>\n\t<meta property=\"og:image:width\" content=\"2560\" \/>\n\t<meta property=\"og:image:height\" content=\"1440\" \/>\n\t<meta property=\"og:image:type\" content=\"image\/jpeg\" \/>\n<meta name=\"author\" content=\"Sandra\" \/>\n<meta name=\"twitter:card\" content=\"summary_large_image\" \/>\n<meta name=\"twitter:creator\" content=\"@ADC_CAT\" \/>\n<meta name=\"twitter:site\" content=\"@ADC_CAT\" \/>\n<meta name=\"twitter:label1\" content=\"Escrito por\" \/>\n\t<meta name=\"twitter:data1\" content=\"Sandra\" \/>\n\t<meta name=\"twitter:label2\" content=\"Tiempo de lectura\" \/>\n\t<meta name=\"twitter:data2\" content=\"1 minuto\" \/>\n<script type=\"application\/ld+json\" class=\"yoast-schema-graph\">{\"@context\":\"https:\\\/\\\/schema.org\",\"@graph\":[{\"@type\":\"Article\",\"@id\":\"https:\\\/\\\/adc.cat\\\/es\\\/relaciones-institucionales\\\/participacion-en-el-programa-de-abordaje-360o-del-paciente-con-diabetes\\\/#article\",\"isPartOf\":{\"@id\":\"https:\\\/\\\/adc.cat\\\/es\\\/relaciones-institucionales\\\/participacion-en-el-programa-de-abordaje-360o-del-paciente-con-diabetes\\\/\"},\"author\":{\"name\":\"Sandra\",\"@id\":\"https:\\\/\\\/adc.cat\\\/es\\\/#\\\/schema\\\/person\\\/c3095eda6e9c2068ff66a789795e0685\"},\"headline\":\"Participaci\u00f3n en el Programa de Abordaje 360\u00ba del Paciente con Diabetes\",\"datePublished\":\"2025-11-20T13:13:05+00:00\",\"mainEntityOfPage\":{\"@id\":\"https:\\\/\\\/adc.cat\\\/es\\\/relaciones-institucionales\\\/participacion-en-el-programa-de-abordaje-360o-del-paciente-con-diabetes\\\/\"},\"wordCount\":224,\"publisher\":{\"@id\":\"https:\\\/\\\/adc.cat\\\/es\\\/#organization\"},\"image\":{\"@id\":\"https:\\\/\\\/adc.cat\\\/es\\\/relaciones-institucionales\\\/participacion-en-el-programa-de-abordaje-360o-del-paciente-con-diabetes\\\/#primaryimage\"},\"thumbnailUrl\":\"https:\\\/\\\/adc.cat\\\/wp-content\\\/uploads\\\/2025\\\/11\\\/jornada-cofab-adc-scaled.jpg\",\"articleSection\":[\"Relaciones institucionales\"],\"inLanguage\":\"es\"},{\"@type\":\"WebPage\",\"@id\":\"https:\\\/\\\/adc.cat\\\/es\\\/relaciones-institucionales\\\/participacion-en-el-programa-de-abordaje-360o-del-paciente-con-diabetes\\\/\",\"url\":\"https:\\\/\\\/adc.cat\\\/es\\\/relaciones-institucionales\\\/participacion-en-el-programa-de-abordaje-360o-del-paciente-con-diabetes\\\/\",\"name\":\"Participaci\u00f3n en el Programa de Abordaje 360\u00ba del Paciente con Diabetes - ADC \u2013 Associaci\u00f3 de Diabetis de Catalunya\",\"isPartOf\":{\"@id\":\"https:\\\/\\\/adc.cat\\\/es\\\/#website\"},\"primaryImageOfPage\":{\"@id\":\"https:\\\/\\\/adc.cat\\\/es\\\/relaciones-institucionales\\\/participacion-en-el-programa-de-abordaje-360o-del-paciente-con-diabetes\\\/#primaryimage\"},\"image\":{\"@id\":\"https:\\\/\\\/adc.cat\\\/es\\\/relaciones-institucionales\\\/participacion-en-el-programa-de-abordaje-360o-del-paciente-con-diabetes\\\/#primaryimage\"},\"thumbnailUrl\":\"https:\\\/\\\/adc.cat\\\/wp-content\\\/uploads\\\/2025\\\/11\\\/jornada-cofab-adc-scaled.jpg\",\"datePublished\":\"2025-11-20T13:13:05+00:00\",\"description\":\"El Programa de Abordaje 360\u00ba del paciente con diabetes es una iniciativa para la cual la Associaci\u00f3 de Diabetis de Catalunya ha colaborado con el Col\u00b7legi Oficial de Farmac\u00e8utics de Barcelona.\",\"breadcrumb\":{\"@id\":\"https:\\\/\\\/adc.cat\\\/es\\\/relaciones-institucionales\\\/participacion-en-el-programa-de-abordaje-360o-del-paciente-con-diabetes\\\/#breadcrumb\"},\"inLanguage\":\"es\",\"potentialAction\":[{\"@type\":\"ReadAction\",\"target\":[\"https:\\\/\\\/adc.cat\\\/es\\\/relaciones-institucionales\\\/participacion-en-el-programa-de-abordaje-360o-del-paciente-con-diabetes\\\/\"]}]},{\"@type\":\"ImageObject\",\"inLanguage\":\"es\",\"@id\":\"https:\\\/\\\/adc.cat\\\/es\\\/relaciones-institucionales\\\/participacion-en-el-programa-de-abordaje-360o-del-paciente-con-diabetes\\\/#primaryimage\",\"url\":\"https:\\\/\\\/adc.cat\\\/wp-content\\\/uploads\\\/2025\\\/11\\\/jornada-cofab-adc-scaled.jpg\",\"contentUrl\":\"https:\\\/\\\/adc.cat\\\/wp-content\\\/uploads\\\/2025\\\/11\\\/jornada-cofab-adc-scaled.jpg\",\"width\":2560,\"height\":1440},{\"@type\":\"BreadcrumbList\",\"@id\":\"https:\\\/\\\/adc.cat\\\/es\\\/relaciones-institucionales\\\/participacion-en-el-programa-de-abordaje-360o-del-paciente-con-diabetes\\\/#breadcrumb\",\"itemListElement\":[{\"@type\":\"ListItem\",\"position\":1,\"name\":\"Portada\",\"item\":\"https:\\\/\\\/adc.cat\\\/es\\\/\"},{\"@type\":\"ListItem\",\"position\":2,\"name\":\"Participaci\u00f3n en el Programa de Abordaje 360\u00ba del Paciente con Diabetes\"}]},{\"@type\":\"WebSite\",\"@id\":\"https:\\\/\\\/adc.cat\\\/es\\\/#website\",\"url\":\"https:\\\/\\\/adc.cat\\\/es\\\/\",\"name\":\"ADC \u2013 Associaci\u00f3 de Diabetis de Catalunya\",\"description\":\"L&#039;ADC representa els pacients amb diabetis de Catalunya. Els nostres objectius: informar, aconsellar, ajudar i defensar les persones amb diabetis i promoure la sensibilitzaci\u00f3 de la resta de la societat\",\"publisher\":{\"@id\":\"https:\\\/\\\/adc.cat\\\/es\\\/#organization\"},\"potentialAction\":[{\"@type\":\"SearchAction\",\"target\":{\"@type\":\"EntryPoint\",\"urlTemplate\":\"https:\\\/\\\/adc.cat\\\/es\\\/?s={search_term_string}\"},\"query-input\":{\"@type\":\"PropertyValueSpecification\",\"valueRequired\":true,\"valueName\":\"search_term_string\"}}],\"inLanguage\":\"es\"},{\"@type\":\"Organization\",\"@id\":\"https:\\\/\\\/adc.cat\\\/es\\\/#organization\",\"name\":\"Associaci\u00f3 de Diabetis de Catalunya\",\"url\":\"https:\\\/\\\/adc.cat\\\/es\\\/\",\"logo\":{\"@type\":\"ImageObject\",\"inLanguage\":\"es\",\"@id\":\"https:\\\/\\\/adc.cat\\\/es\\\/#\\\/schema\\\/logo\\\/image\\\/\",\"url\":\"https:\\\/\\\/adc.cat\\\/wp-content\\\/uploads\\\/2022\\\/01\\\/associacio_de_diabetis_catalunya.png\",\"contentUrl\":\"https:\\\/\\\/adc.cat\\\/wp-content\\\/uploads\\\/2022\\\/01\\\/associacio_de_diabetis_catalunya.png\",\"width\":512,\"height\":239,\"caption\":\"Associaci\u00f3 de Diabetis de Catalunya\"},\"image\":{\"@id\":\"https:\\\/\\\/adc.cat\\\/es\\\/#\\\/schema\\\/logo\\\/image\\\/\"},\"sameAs\":[\"https:\\\/\\\/www.facebook.com\\\/ADC.CAT\\\/\",\"https:\\\/\\\/x.com\\\/ADC_CAT\",\"https:\\\/\\\/www.instagram.com\\\/adc_cat\\\/\",\"https:\\\/\\\/www.linkedin.com\\\/company\\\/associacio-de-diabetis-de-catalunya\",\"https:\\\/\\\/www.youtube.com\\\/channel\\\/UC7BiJMxG_5sHYUhMAlevAWA\"]},{\"@type\":\"Person\",\"@id\":\"https:\\\/\\\/adc.cat\\\/es\\\/#\\\/schema\\\/person\\\/c3095eda6e9c2068ff66a789795e0685\",\"name\":\"Sandra\",\"image\":{\"@type\":\"ImageObject\",\"inLanguage\":\"es\",\"@id\":\"https:\\\/\\\/secure.gravatar.com\\\/avatar\\\/0a992a44e4e0c2d0d7cb96813afd74f2b3b4ba44b154a672987b5285d79bb9c0?s=96&d=mm&r=g\",\"url\":\"https:\\\/\\\/secure.gravatar.com\\\/avatar\\\/0a992a44e4e0c2d0d7cb96813afd74f2b3b4ba44b154a672987b5285d79bb9c0?s=96&d=mm&r=g\",\"contentUrl\":\"https:\\\/\\\/secure.gravatar.com\\\/avatar\\\/0a992a44e4e0c2d0d7cb96813afd74f2b3b4ba44b154a672987b5285d79bb9c0?s=96&d=mm&r=g\",\"caption\":\"Sandra\"}}]}<\/script>\n<!-- \/ Yoast SEO plugin. -->","yoast_head_json":{"title":"Participaci\u00f3n en el Programa de Abordaje 360\u00ba del Paciente con Diabetes - ADC \u2013 Associaci\u00f3 de Diabetis de Catalunya","description":"El Programa de Abordaje 360\u00ba del paciente con diabetes es una iniciativa para la cual la Associaci\u00f3 de Diabetis de Catalunya ha colaborado con el Col\u00b7legi Oficial de Farmac\u00e8utics de Barcelona.","robots":{"index":"index","follow":"follow","max-snippet":"max-snippet:-1","max-image-preview":"max-image-preview:large","max-video-preview":"max-video-preview:-1"},"canonical":"https:\/\/adc.cat\/es\/relaciones-institucionales\/participacion-en-el-programa-de-abordaje-360o-del-paciente-con-diabetes\/","og_locale":"es_ES","og_type":"article","og_title":"Participaci\u00f3n en el Programa de Abordaje 360\u00ba del Paciente con Diabetes - ADC \u2013 Associaci\u00f3 de Diabetis de Catalunya","og_description":"El Programa de Abordaje 360\u00ba del paciente con diabetes es una iniciativa para la cual la Associaci\u00f3 de Diabetis de Catalunya ha colaborado con el Col\u00b7legi Oficial de Farmac\u00e8utics de Barcelona.","og_url":"https:\/\/adc.cat\/es\/relaciones-institucionales\/participacion-en-el-programa-de-abordaje-360o-del-paciente-con-diabetes\/","og_site_name":"ADC \u2013 Associaci\u00f3 de Diabetis de Catalunya","article_publisher":"https:\/\/www.facebook.com\/ADC.CAT\/","article_published_time":"2025-11-20T13:13:05+00:00","og_image":[{"width":2560,"height":1440,"url":"https:\/\/adc.cat\/wp-content\/uploads\/2025\/11\/jornada-cofab-adc-scaled.jpg","type":"image\/jpeg"}],"author":"Sandra","twitter_card":"summary_large_image","twitter_creator":"@ADC_CAT","twitter_site":"@ADC_CAT","twitter_misc":{"Escrito por":"Sandra","Tiempo de lectura":"1 minuto"},"schema":{"@context":"https:\/\/schema.org","@graph":[{"@type":"Article","@id":"https:\/\/adc.cat\/es\/relaciones-institucionales\/participacion-en-el-programa-de-abordaje-360o-del-paciente-con-diabetes\/#article","isPartOf":{"@id":"https:\/\/adc.cat\/es\/relaciones-institucionales\/participacion-en-el-programa-de-abordaje-360o-del-paciente-con-diabetes\/"},"author":{"name":"Sandra","@id":"https:\/\/adc.cat\/es\/#\/schema\/person\/c3095eda6e9c2068ff66a789795e0685"},"headline":"Participaci\u00f3n en el Programa de Abordaje 360\u00ba del Paciente con Diabetes","datePublished":"2025-11-20T13:13:05+00:00","mainEntityOfPage":{"@id":"https:\/\/adc.cat\/es\/relaciones-institucionales\/participacion-en-el-programa-de-abordaje-360o-del-paciente-con-diabetes\/"},"wordCount":224,"publisher":{"@id":"https:\/\/adc.cat\/es\/#organization"},"image":{"@id":"https:\/\/adc.cat\/es\/relaciones-institucionales\/participacion-en-el-programa-de-abordaje-360o-del-paciente-con-diabetes\/#primaryimage"},"thumbnailUrl":"https:\/\/adc.cat\/wp-content\/uploads\/2025\/11\/jornada-cofab-adc-scaled.jpg","articleSection":["Relaciones institucionales"],"inLanguage":"es"},{"@type":"WebPage","@id":"https:\/\/adc.cat\/es\/relaciones-institucionales\/participacion-en-el-programa-de-abordaje-360o-del-paciente-con-diabetes\/","url":"https:\/\/adc.cat\/es\/relaciones-institucionales\/participacion-en-el-programa-de-abordaje-360o-del-paciente-con-diabetes\/","name":"Participaci\u00f3n en el Programa de Abordaje 360\u00ba del Paciente con Diabetes - ADC \u2013 Associaci\u00f3 de Diabetis de Catalunya","isPartOf":{"@id":"https:\/\/adc.cat\/es\/#website"},"primaryImageOfPage":{"@id":"https:\/\/adc.cat\/es\/relaciones-institucionales\/participacion-en-el-programa-de-abordaje-360o-del-paciente-con-diabetes\/#primaryimage"},"image":{"@id":"https:\/\/adc.cat\/es\/relaciones-institucionales\/participacion-en-el-programa-de-abordaje-360o-del-paciente-con-diabetes\/#primaryimage"},"thumbnailUrl":"https:\/\/adc.cat\/wp-content\/uploads\/2025\/11\/jornada-cofab-adc-scaled.jpg","datePublished":"2025-11-20T13:13:05+00:00","description":"El Programa de Abordaje 360\u00ba del paciente con diabetes es una iniciativa para la cual la Associaci\u00f3 de Diabetis de Catalunya ha colaborado con el Col\u00b7legi Oficial de Farmac\u00e8utics de Barcelona.","breadcrumb":{"@id":"https:\/\/adc.cat\/es\/relaciones-institucionales\/participacion-en-el-programa-de-abordaje-360o-del-paciente-con-diabetes\/#breadcrumb"},"inLanguage":"es","potentialAction":[{"@type":"ReadAction","target":["https:\/\/adc.cat\/es\/relaciones-institucionales\/participacion-en-el-programa-de-abordaje-360o-del-paciente-con-diabetes\/"]}]},{"@type":"ImageObject","inLanguage":"es","@id":"https:\/\/adc.cat\/es\/relaciones-institucionales\/participacion-en-el-programa-de-abordaje-360o-del-paciente-con-diabetes\/#primaryimage","url":"https:\/\/adc.cat\/wp-content\/uploads\/2025\/11\/jornada-cofab-adc-scaled.jpg","contentUrl":"https:\/\/adc.cat\/wp-content\/uploads\/2025\/11\/jornada-cofab-adc-scaled.jpg","width":2560,"height":1440},{"@type":"BreadcrumbList","@id":"https:\/\/adc.cat\/es\/relaciones-institucionales\/participacion-en-el-programa-de-abordaje-360o-del-paciente-con-diabetes\/#breadcrumb","itemListElement":[{"@type":"ListItem","position":1,"name":"Portada","item":"https:\/\/adc.cat\/es\/"},{"@type":"ListItem","position":2,"name":"Participaci\u00f3n en el Programa de Abordaje 360\u00ba del Paciente con Diabetes"}]},{"@type":"WebSite","@id":"https:\/\/adc.cat\/es\/#website","url":"https:\/\/adc.cat\/es\/","name":"ADC \u2013 Associaci\u00f3 de Diabetis de Catalunya","description":"L&#039;ADC representa els pacients amb diabetis de Catalunya. Els nostres objectius: informar, aconsellar, ajudar i defensar les persones amb diabetis i promoure la sensibilitzaci\u00f3 de la resta de la societat","publisher":{"@id":"https:\/\/adc.cat\/es\/#organization"},"potentialAction":[{"@type":"SearchAction","target":{"@type":"EntryPoint","urlTemplate":"https:\/\/adc.cat\/es\/?s={search_term_string}"},"query-input":{"@type":"PropertyValueSpecification","valueRequired":true,"valueName":"search_term_string"}}],"inLanguage":"es"},{"@type":"Organization","@id":"https:\/\/adc.cat\/es\/#organization","name":"Associaci\u00f3 de Diabetis de Catalunya","url":"https:\/\/adc.cat\/es\/","logo":{"@type":"ImageObject","inLanguage":"es","@id":"https:\/\/adc.cat\/es\/#\/schema\/logo\/image\/","url":"https:\/\/adc.cat\/wp-content\/uploads\/2022\/01\/associacio_de_diabetis_catalunya.png","contentUrl":"https:\/\/adc.cat\/wp-content\/uploads\/2022\/01\/associacio_de_diabetis_catalunya.png","width":512,"height":239,"caption":"Associaci\u00f3 de Diabetis de Catalunya"},"image":{"@id":"https:\/\/adc.cat\/es\/#\/schema\/logo\/image\/"},"sameAs":["https:\/\/www.facebook.com\/ADC.CAT\/","https:\/\/x.com\/ADC_CAT","https:\/\/www.instagram.com\/adc_cat\/","https:\/\/www.linkedin.com\/company\/associacio-de-diabetis-de-catalunya","https:\/\/www.youtube.com\/channel\/UC7BiJMxG_5sHYUhMAlevAWA"]},{"@type":"Person","@id":"https:\/\/adc.cat\/es\/#\/schema\/person\/c3095eda6e9c2068ff66a789795e0685","name":"Sandra","image":{"@type":"ImageObject","inLanguage":"es","@id":"https:\/\/secure.gravatar.com\/avatar\/0a992a44e4e0c2d0d7cb96813afd74f2b3b4ba44b154a672987b5285d79bb9c0?s=96&d=mm&r=g","url":"https:\/\/secure.gravatar.com\/avatar\/0a992a44e4e0c2d0d7cb96813afd74f2b3b4ba44b154a672987b5285d79bb9c0?s=96&d=mm&r=g","contentUrl":"https:\/\/secure.gravatar.com\/avatar\/0a992a44e4e0c2d0d7cb96813afd74f2b3b4ba44b154a672987b5285d79bb9c0?s=96&d=mm&r=g","caption":"Sandra"}}]}},"_links":{"self":[{"href":"https:\/\/adc.cat\/es\/wp-json\/wp\/v2\/posts\/51990","targetHints":{"allow":["GET"]}}],"collection":[{"href":"https:\/\/adc.cat\/es\/wp-json\/wp\/v2\/posts"}],"about":[{"href":"https:\/\/adc.cat\/es\/wp-json\/wp\/v2\/types\/post"}],"author":[{"embeddable":true,"href":"https:\/\/adc.cat\/es\/wp-json\/wp\/v2\/users\/2"}],"replies":[{"embeddable":true,"href":"https:\/\/adc.cat\/es\/wp-json\/wp\/v2\/comments?post=51990"}],"version-history":[{"count":0,"href":"https:\/\/adc.cat\/es\/wp-json\/wp\/v2\/posts\/51990\/revisions"}],"wp:featuredmedia":[{"embeddable":true,"href":"https:\/\/adc.cat\/es\/wp-json\/wp\/v2\/media\/51991"}],"wp:attachment":[{"href":"https:\/\/adc.cat\/es\/wp-json\/wp\/v2\/media?parent=51990"}],"wp:term":[{"taxonomy":"category","embeddable":true,"href":"https:\/\/adc.cat\/es\/wp-json\/wp\/v2\/categories?post=51990"},{"taxonomy":"post_tag","embeddable":true,"href":"https:\/\/adc.cat\/es\/wp-json\/wp\/v2\/tags?post=51990"}],"curies":[{"name":"wp","href":"https:\/\/api.w.org\/{rel}","templated":true}]}}