{"id":52699,"date":"2026-01-15T13:13:16","date_gmt":"2026-01-15T12:13:16","guid":{"rendered":"https:\/\/adc.cat\/sin-categorizar\/menus-saludables-para-personas-con-diabetes\/"},"modified":"2026-04-16T15:42:33","modified_gmt":"2026-04-16T13:42:33","slug":"menus-saludables-para-personas-con-diabetes","status":"publish","type":"post","link":"https:\/\/adc.cat\/es\/home-c-es\/menus-saludables-para-personas-con-diabetes\/","title":{"rendered":"\u00a1Men\u00fas saludables para personas con diabetes!"},"content":{"rendered":"<p>[et_pb_section fb_built=\u00bb1&#8243; _builder_version=\u00bb4.27.4&#8243; _module_preset=\u00bbdefault\u00bb custom_padding=\u00bb0px|||||\u00bb da_disable_devices=\u00bboff|off|off\u00bb global_colors_info=\u00bb{}\u00bb da_is_popup=\u00bboff\u00bb da_exit_intent=\u00bboff\u00bb da_has_close=\u00bbon\u00bb da_alt_close=\u00bboff\u00bb da_dark_close=\u00bboff\u00bb da_not_modal=\u00bbon\u00bb da_is_singular=\u00bboff\u00bb da_with_loader=\u00bboff\u00bb da_has_shadow=\u00bbon\u00bb][et_pb_row _builder_version=\u00bb4.27.4&#8243; _module_preset=\u00bbdefault\u00bb custom_padding=\u00bb||1px|||\u00bb global_colors_info=\u00bb{}\u00bb][et_pb_column type=\u00bb4_4&#8243; _builder_version=\u00bb4.27.4&#8243; _module_preset=\u00bbdefault\u00bb global_colors_info=\u00bb{}\u00bb][et_pb_image src=\u00bbhttps:\/\/adc.cat\/wp-content\/uploads\/2026\/01\/banner-menus-mensuals.jpg\u00bb title_text=\u00bbbanner menus mensuals\u00bb _builder_version=\u00bb4.27.4&#8243; _module_preset=\u00bbdefault\u00bb global_colors_info=\u00bb{}\u00bb][\/et_pb_image][et_pb_text _builder_version=\u00bb4.27.4&#8243; _module_preset=\u00bbdefault\u00bb header_text_color=\u00bbgcid-3be8d3fa-8b11-41b4-b614-e601c43d7597&#8243; custom_padding=\u00bb48px|||||\u00bb global_colors_info=\u00bb{%22gcid-3be8d3fa-8b11-41b4-b614-e601c43d7597%22:%91%22header_text_color%22%93}\u00bb]<\/p>\n<h1 data-start=\"297\" data-end=\"354\"><strong data-start=\"297\" data-end=\"354\">Alimentaci\u00f3n saludable: una aliada clave en la diabetes<\/strong><\/h1>\n<p data-start=\"179\" data-end=\"535\">Mantener una alimentaci\u00f3n saludable es fundamental para las personas con diabetes. Una buena planificaci\u00f3n de las comidas ayuda a controlar la glucemia, mejorar los niveles de energ\u00eda y prevenir posibles complicaciones, pero tambi\u00e9n aporta tranquilidad, seguridad y organizaci\u00f3n en el d\u00eda a d\u00eda, tanto para las personas con diabetes como para sus familias.<\/p>\n<p data-start=\"537\" data-end=\"748\">Conscientes de esta necesidad, desde la asociaci\u00f3n ponemos a disposici\u00f3n recursos pr\u00e1cticos que facilitan una alimentaci\u00f3n equilibrada y adaptada a la realidad de las personas con diabetes y su entorno familiar.<\/p>\n<p data-start=\"750\" data-end=\"1223\">Como novedad de 2026 para los socios y socias, ofrecemos el <strong data-start=\"810\" data-end=\"836\">men\u00fa saludable mensual<\/strong>, que incluye propuestas de comidas y cenas para todos los d\u00edas del mes, ideas para desayunos y meriendas, cuatro recetas mensuales y recursos \u00fatiles para mejorar la planificaci\u00f3n de las comidas y el conteo de hidratos de carbono. Es una herramienta pensada para simplificar la rutina, fomentar h\u00e1bitos saludables y sostenibles y asegurar una alimentaci\u00f3n variada, equilibrada y sabrosa.<\/p>\n<p data-start=\"1225\" data-end=\"1498\">Por otro lado, el <strong data-start=\"1243\" data-end=\"1273\">men\u00fa estacional trimestral<\/strong>, dirigido a personas no socias, presenta ideas de comidas para cada d\u00eda de la semana y se elabora cada estaci\u00f3n del a\u00f1o con alimentos de temporada. Es un recurso ideal para obtener ideas de comidas saludables y de temporada.<\/p>\n<p data-start=\"1500\" data-end=\"1704\">Ambos men\u00fas est\u00e1n elaborados y revisados por una nutricionista-dietista experta en diabetes, garantizando un enfoque profesional, riguroso y adaptado a las necesidades reales de las personas con diabetes.<\/p>\n<p data-start=\"1706\" data-end=\"2031\">Recordad que la ADC tambi\u00e9n pone a disposici\u00f3n de todas las personas interesadas un equipo de nutricionistas-dietistas especializadas en diabetes para ofrecer una atenci\u00f3n nutricional personalizada, con condiciones ventajosas y descuento para las personas asociadas. Pod\u00e9is consultar <a href=\"https:\/\/adc.cat\/es\/que-hacemos\/servicios\/\">m\u00e1s informaci\u00f3n sobre este servicio aqu\u00ed<\/a>.<\/p>\n<p>[\/et_pb_text][et_pb_text _builder_version=\u00bb4.27.4&#8243; _module_preset=\u00bbdefault\u00bb header_text_color=\u00bbgcid-3be8d3fa-8b11-41b4-b614-e601c43d7597&#8243; custom_padding=\u00bb48px|||||\u00bb global_colors_info=\u00bb{%22gcid-3be8d3fa-8b11-41b4-b614-e601c43d7597%22:%91%22header_text_color%22%93}\u00bb]<\/p>\n<h1 data-start=\"297\" data-end=\"354\"><strong data-start=\"297\" data-end=\"354\">\u00a1Descarga y descubre los men\u00fas!<\/strong><\/h1>\n<p><\/p>\n<p data-start=\"1629\" data-end=\"1830\">\u00a0<\/p>\n<p>[\/et_pb_text][\/et_pb_column][\/et_pb_row][et_pb_row column_structure=\u00bb1_2,1_2&#8243; _builder_version=\u00bb4.27.4&#8243; _module_preset=\u00bbdefault\u00bb global_colors_info=\u00bb{}\u00bb][et_pb_column type=\u00bb1_2&#8243; _builder_version=\u00bb4.27.4&#8243; _module_preset=\u00bbdefault\u00bb global_colors_info=\u00bb{}\u00bb][et_pb_blurb title=\u00bbMen\u00fa Saludable Mensual &#8211; Abril 2026&#8243; url=\u00bbhttps:\/\/adc.playoffinformatica.com\/activitat\/510\/Menu-Mensual-Saludable-Abril-2026\/\u00bb use_icon=\u00bbon\u00bb font_icon=\u00bb&#xe092;||divi||400&#8243; icon_color=\u00bbgcid-3be8d3fa-8b11-41b4-b614-e601c43d7597&#8243; image_icon_width=\u00bb52px\u00bb content_max_width=\u00bb100%\u00bb _builder_version=\u00bb4.27.4&#8243; _module_preset=\u00bbdefault\u00bb header_font=\u00bbInstrument Sans Variable|600|||||||\u00bb header_text_align=\u00bbcenter\u00bb header_text_color=\u00bbgcid-3be8d3fa-8b11-41b4-b614-e601c43d7597&#8243; header_font_size=\u00bb24px\u00bb header_line_height=\u00bb1.3em\u00bb body_font=\u00bbInstrument Sans Variable|300||||||#FFFFFF|\u00bb body_text_align=\u00bbcenter\u00bb body_text_color=\u00bbgcid-3be8d3fa-8b11-41b4-b614-e601c43d7597&#8243; body_font_size=\u00bb0.8em\u00bb body_line_height=\u00bb1.3em\u00bb body_link_font=\u00bb||||on|||#FFFFFF|\u00bb body_link_text_color=\u00bb#FFFFFF\u00bb body_ul_line_height=\u00bb1.2em\u00bb background_color=\u00bbgcid-eb40352e-4c34-437c-b3fb-58bfc8e9a927&#8243; image_icon_custom_margin=\u00bb12px||15px|9px|false|false\u00bb image_icon_custom_padding=\u00bb||0px||false|false\u00bb width=\u00bb95%\u00bb custom_margin=\u00bb||30px|0px|false|false\u00bb custom_padding=\u00bb25px|35px|25px|35px|true|true\u00bb link_option_url=\u00bbhttps:\/\/adc.playoffinformatica.com\/activitat\/510\/Menu-Mensual-Saludable-Abril-2026\/\u00bb sticky_limit_bottom=\u00bbrow\u00bb hover_enabled=\u00bb0&#8243; custom_css_free_form=\u00bb.et_pb_main_blurb_image {||    margin-bottom: 10px;||}\u00bb border_radii=\u00bbon|10px|10px|10px|10px\u00bb global_colors_info=\u00bb{%22gcid-eb40352e-4c34-437c-b3fb-58bfc8e9a927%22:%91%22background_color%22%93,%22gcid-3be8d3fa-8b11-41b4-b614-e601c43d7597%22:%91%22icon_color%22,%22header_text_color%22,%22body_text_color%22%93}\u00bb sticky_enabled=\u00bb0&#8243;]<\/p>\n<p>Para personas asociadas a la ADC<\/p>\n<p>[\/et_pb_blurb][\/et_pb_column][et_pb_column type=\u00bb1_2&#8243; _builder_version=\u00bb4.27.4&#8243; _module_preset=\u00bbdefault\u00bb global_colors_info=\u00bb{}\u00bb][et_pb_blurb title=\u00bbMen\u00fa Estacional Trimestral &#8211; Invierno 2026&#8243; url=\u00bbhttps:\/\/adc.cat\/es\/home-c-es\/menu-de-invierno-adc-2025-25\/\u00bb use_icon=\u00bbon\u00bb font_icon=\u00bb&#xe092;||divi||400&#8243; icon_color=\u00bbgcid-3be8d3fa-8b11-41b4-b614-e601c43d7597&#8243; image_icon_width=\u00bb52px\u00bb content_max_width=\u00bb100%\u00bb _builder_version=\u00bb4.27.4&#8243; _module_preset=\u00bbdefault\u00bb header_font=\u00bbInstrument Sans Variable|600|||||||\u00bb header_text_align=\u00bbcenter\u00bb header_text_color=\u00bbgcid-3be8d3fa-8b11-41b4-b614-e601c43d7597&#8243; header_font_size=\u00bb24px\u00bb header_line_height=\u00bb1.3em\u00bb body_font=\u00bbInstrument Sans Variable|300||||||#FFFFFF|\u00bb body_text_align=\u00bbcenter\u00bb body_text_color=\u00bbgcid-3be8d3fa-8b11-41b4-b614-e601c43d7597&#8243; body_font_size=\u00bb0.8em\u00bb body_line_height=\u00bb1.3em\u00bb body_link_font=\u00bb||||on|||#FFFFFF|\u00bb body_link_text_color=\u00bb#FFFFFF\u00bb body_ul_line_height=\u00bb1.2em\u00bb background_color=\u00bbgcid-eb40352e-4c34-437c-b3fb-58bfc8e9a927&#8243; image_icon_custom_margin=\u00bb12px||15px|9px|false|false\u00bb image_icon_custom_padding=\u00bb||0px||false|false\u00bb width=\u00bb95%\u00bb custom_margin=\u00bb||30px|0px|false|false\u00bb custom_padding=\u00bb25px|30px|25px|30px|true|true\u00bb link_option_url=\u00bbhttps:\/\/adc.cat\/es\/home-c-es\/menu-de-invierno-adc-2025-25\/\u00bb sticky_limit_bottom=\u00bbrow\u00bb custom_css_free_form=\u00bb.et_pb_main_blurb_image {||    margin-bottom: 10px;||}\u00bb border_radii=\u00bbon|10px|10px|10px|10px\u00bb global_colors_info=\u00bb{%22gcid-eb40352e-4c34-437c-b3fb-58bfc8e9a927%22:%91%22background_color%22%93,%22gcid-3be8d3fa-8b11-41b4-b614-e601c43d7597%22:%91%22icon_color%22,%22header_text_color%22,%22body_text_color%22%93}\u00bb]<\/p>\n<p>\u00a1Disponible para todo el mundo!<\/p>\n<p>[\/et_pb_blurb][\/et_pb_column][\/et_pb_row][\/et_pb_section][et_pb_section fb_built=\u00bb1&#8243; _builder_version=\u00bb4.16&#8243; _module_preset=\u00bbdefault\u00bb custom_padding=\u00bb2px|||||\u00bb da_disable_devices=\u00bboff|off|off\u00bb locked=\u00bboff\u00bb global_colors_info=\u00bb{}\u00bb da_is_popup=\u00bboff\u00bb da_exit_intent=\u00bboff\u00bb da_has_close=\u00bbon\u00bb da_alt_close=\u00bboff\u00bb da_dark_close=\u00bboff\u00bb da_not_modal=\u00bbon\u00bb da_is_singular=\u00bboff\u00bb da_with_loader=\u00bboff\u00bb da_has_shadow=\u00bbon\u00bb][et_pb_row _builder_version=\u00bb4.16&#8243; _module_preset=\u00bbdefault\u00bb max_width=\u00bb1350px\u00bb global_colors_info=\u00bb{}\u00bb][et_pb_column type=\u00bb4_4&#8243; _builder_version=\u00bb4.16&#8243; _module_preset=\u00bbdefault\u00bb global_colors_info=\u00bb{}\u00bb][et_pb_text _builder_version=\u00bb4.16&#8243; _module_preset=\u00bbdefault\u00bb text_font_size=\u00bb16px\u00bb global_colors_info=\u00bb{}\u00bb]<\/p>\n<h1 style=\"text-align: center;\"><span style=\"font-size: x-large;\"><span style=\"font-size: medium;\">Si quieres estar al d\u00eda y <span style=\"text-decoration: underline;\">contribuir<\/span> a la comunidad con diabetes\u2026<\/span><br \/><\/span><\/h1>\n<p>[\/et_pb_text][et_pb_text _builder_version=\u00bb4.27.4&#8243; _module_preset=\u00bbdefault\u00bb global_colors_info=\u00bb{}\u00bb]<\/p>\n<h1 style=\"text-align: center;\"><span style=\"font-size: x-large; color: #2ea3f2;\">AYUDA A QUE LA CALIDAD DE VIDA DE LAS PERSONAS CON DIABETES MEJORE.<\/span><\/h1>\n<p>[\/et_pb_text][et_pb_text _builder_version=\u00bb4.27.4&#8243; _module_preset=\u00bbdefault\u00bb global_colors_info=\u00bb{}\u00bb]<\/p>\n<h1 style=\"text-align: center;\"><span style=\"font-size: large; color: #333333;\">Hay m\u00e1s de 700.000 personas con diabetes en Catalu\u00f1a, \u00fanete a la comunidad que lucha por tus derechos. \u00a1Estar\u00e1s al d\u00eda de todas las <strong>novedades y recursos a los que podr\u00e1s acceder gratuitamente para informarte y continuar aprendiendo!<\/strong> <\/span><\/h1>\n<p><\/p>\n<h1 style=\"text-align: center;\"><span style=\"font-size: large; color: #333333;\">Hazlo solo por 65\u20ac\/a\u00f1o, podr\u00e1s desgrabar el 80% de la cuota en la declaraci\u00f3n de la renta.<\/span><\/h1>\n<p>[\/et_pb_text][\/et_pb_column][\/et_pb_row][et_pb_row column_structure=\u00bb1_2,1_2&#8243; _builder_version=\u00bb4.27.0&#8243; _module_preset=\u00bbdefault\u00bb global_colors_info=\u00bb{}\u00bb][et_pb_column type=\u00bb1_2&#8243; _builder_version=\u00bb4.27.0&#8243; _module_preset=\u00bbdefault\u00bb global_colors_info=\u00bb{}\u00bb][et_pb_button button_url=\u00bbhttps:\/\/adc.cat\/es\/hazte-socio\/\u00bb button_text=\u00bbQUIERO HACERME SOCIO\/A\u00bb button_alignment=\u00bbcenter\u00bb _builder_version=\u00bb4.27.0&#8243; _module_preset=\u00bbdefault\u00bb custom_button=\u00bbon\u00bb button_border_radius=\u00bb36px\u00bb global_colors_info=\u00bb{}\u00bb][\/et_pb_button][\/et_pb_column][et_pb_column type=\u00bb1_2&#8243; _builder_version=\u00bb4.27.0&#8243; _module_preset=\u00bbdefault\u00bb global_colors_info=\u00bb{}\u00bb][et_pb_button button_url=\u00bbhttps:\/\/adc.cat\/es\/adc-associacio-diabetis-catalunya\/donaciones\/\u00bb button_text=\u00bbQUIERO HACER UNA DONACI\u00d3N\u00bb button_alignment=\u00bbcenter\u00bb _builder_version=\u00bb4.27.4&#8243; _module_preset=\u00bbdefault\u00bb custom_button=\u00bbon\u00bb button_text_color=\u00bb#FFFFFF\u00bb button_bg_color=\u00bb#2ea3f2&#8243; button_border_width=\u00bb0px\u00bb button_border_radius=\u00bb36px\u00bb global_colors_info=\u00bb{}\u00bb][\/et_pb_button][\/et_pb_column][\/et_pb_row][\/et_pb_section]<\/p>\n","protected":false},"excerpt":{"rendered":"<p>\u00a1Descarga y descubre los men\u00fas saludables de la ADC! Elaborados por una nutricionista-dietista experta en diabetes para adaptarse a las necesidades de las personas con la enfermedad.<\/p>\n","protected":false},"author":2,"featured_media":52700,"comment_status":"closed","ping_status":"closed","sticky":false,"template":"","format":"standard","meta":{"_et_pb_use_builder":"on","_et_pb_old_content":"","_et_gb_content_width":"","footnotes":""},"categories":[66],"tags":[],"class_list":["post-52699","post","type-post","status-publish","format-standard","has-post-thumbnail","hentry","category-home-c-es"],"yoast_head":"<!-- This site is optimized with the Yoast SEO plugin v27.4 - https:\/\/yoast.com\/product\/yoast-seo-wordpress\/ -->\n<title>\u00a1Men\u00fas saludables para personas con diabetes! - ADC \u2013 Associaci\u00f3 de Diabetis de Catalunya<\/title>\n<meta name=\"robots\" content=\"index, follow, max-snippet:-1, max-image-preview:large, max-video-preview:-1\" \/>\n<link rel=\"canonical\" href=\"https:\/\/adc.cat\/es\/home-c-es\/menus-saludables-para-personas-con-diabetes\/\" \/>\n<meta property=\"og:locale\" content=\"es_ES\" \/>\n<meta property=\"og:type\" content=\"article\" \/>\n<meta property=\"og:title\" content=\"\u00a1Men\u00fas saludables para personas con diabetes! - ADC \u2013 Associaci\u00f3 de Diabetis de Catalunya\" \/>\n<meta property=\"og:description\" content=\"\u00a1Descarga y descubre los men\u00fas saludables de la ADC! Elaborados por una nutricionista-dietista experta en diabetes para adaptarse a las necesidades de las personas con la enfermedad.\" \/>\n<meta property=\"og:url\" content=\"https:\/\/adc.cat\/es\/home-c-es\/menus-saludables-para-personas-con-diabetes\/\" \/>\n<meta property=\"og:site_name\" content=\"ADC \u2013 Associaci\u00f3 de Diabetis de Catalunya\" \/>\n<meta property=\"article:publisher\" content=\"https:\/\/www.facebook.com\/ADC.CAT\/\" \/>\n<meta property=\"article:published_time\" content=\"2026-01-15T12:13:16+00:00\" \/>\n<meta property=\"article:modified_time\" content=\"2026-04-16T13:42:33+00:00\" \/>\n<meta property=\"og:image\" content=\"https:\/\/adc.cat\/wp-content\/uploads\/2026\/01\/Highlight-menus-mensuals.jpg\" \/>\n\t<meta property=\"og:image:width\" content=\"1080\" \/>\n\t<meta property=\"og:image:height\" content=\"720\" \/>\n\t<meta property=\"og:image:type\" content=\"image\/jpeg\" \/>\n<meta name=\"author\" content=\"Sandra\" \/>\n<meta name=\"twitter:card\" content=\"summary_large_image\" \/>\n<meta name=\"twitter:creator\" content=\"@ADC_CAT\" \/>\n<meta name=\"twitter:site\" content=\"@ADC_CAT\" \/>\n<meta name=\"twitter:label1\" content=\"Escrito por\" \/>\n\t<meta name=\"twitter:data1\" content=\"Sandra\" \/>\n\t<meta name=\"twitter:label2\" content=\"Tiempo de lectura\" \/>\n\t<meta name=\"twitter:data2\" content=\"7 minutos\" \/>\n<script type=\"application\/ld+json\" class=\"yoast-schema-graph\">{\"@context\":\"https:\\\/\\\/schema.org\",\"@graph\":[{\"@type\":\"Article\",\"@id\":\"https:\\\/\\\/adc.cat\\\/es\\\/home-c-es\\\/menus-saludables-para-personas-con-diabetes\\\/#article\",\"isPartOf\":{\"@id\":\"https:\\\/\\\/adc.cat\\\/es\\\/home-c-es\\\/menus-saludables-para-personas-con-diabetes\\\/\"},\"author\":{\"name\":\"Sandra\",\"@id\":\"https:\\\/\\\/adc.cat\\\/es\\\/#\\\/schema\\\/person\\\/c3095eda6e9c2068ff66a789795e0685\"},\"headline\":\"\u00a1Men\u00fas saludables para personas con diabetes!\",\"datePublished\":\"2026-01-15T12:13:16+00:00\",\"dateModified\":\"2026-04-16T13:42:33+00:00\",\"mainEntityOfPage\":{\"@id\":\"https:\\\/\\\/adc.cat\\\/es\\\/home-c-es\\\/menus-saludables-para-personas-con-diabetes\\\/\"},\"wordCount\":1427,\"publisher\":{\"@id\":\"https:\\\/\\\/adc.cat\\\/es\\\/#organization\"},\"image\":{\"@id\":\"https:\\\/\\\/adc.cat\\\/es\\\/home-c-es\\\/menus-saludables-para-personas-con-diabetes\\\/#primaryimage\"},\"thumbnailUrl\":\"https:\\\/\\\/adc.cat\\\/wp-content\\\/uploads\\\/2026\\\/01\\\/Highlight-menus-mensuals.jpg\",\"articleSection\":[\"Home C\"],\"inLanguage\":\"es\"},{\"@type\":\"WebPage\",\"@id\":\"https:\\\/\\\/adc.cat\\\/es\\\/home-c-es\\\/menus-saludables-para-personas-con-diabetes\\\/\",\"url\":\"https:\\\/\\\/adc.cat\\\/es\\\/home-c-es\\\/menus-saludables-para-personas-con-diabetes\\\/\",\"name\":\"\u00a1Men\u00fas saludables para personas con diabetes! - ADC \u2013 Associaci\u00f3 de Diabetis de Catalunya\",\"isPartOf\":{\"@id\":\"https:\\\/\\\/adc.cat\\\/es\\\/#website\"},\"primaryImageOfPage\":{\"@id\":\"https:\\\/\\\/adc.cat\\\/es\\\/home-c-es\\\/menus-saludables-para-personas-con-diabetes\\\/#primaryimage\"},\"image\":{\"@id\":\"https:\\\/\\\/adc.cat\\\/es\\\/home-c-es\\\/menus-saludables-para-personas-con-diabetes\\\/#primaryimage\"},\"thumbnailUrl\":\"https:\\\/\\\/adc.cat\\\/wp-content\\\/uploads\\\/2026\\\/01\\\/Highlight-menus-mensuals.jpg\",\"datePublished\":\"2026-01-15T12:13:16+00:00\",\"dateModified\":\"2026-04-16T13:42:33+00:00\",\"breadcrumb\":{\"@id\":\"https:\\\/\\\/adc.cat\\\/es\\\/home-c-es\\\/menus-saludables-para-personas-con-diabetes\\\/#breadcrumb\"},\"inLanguage\":\"es\",\"potentialAction\":[{\"@type\":\"ReadAction\",\"target\":[\"https:\\\/\\\/adc.cat\\\/es\\\/home-c-es\\\/menus-saludables-para-personas-con-diabetes\\\/\"]}]},{\"@type\":\"ImageObject\",\"inLanguage\":\"es\",\"@id\":\"https:\\\/\\\/adc.cat\\\/es\\\/home-c-es\\\/menus-saludables-para-personas-con-diabetes\\\/#primaryimage\",\"url\":\"https:\\\/\\\/adc.cat\\\/wp-content\\\/uploads\\\/2026\\\/01\\\/Highlight-menus-mensuals.jpg\",\"contentUrl\":\"https:\\\/\\\/adc.cat\\\/wp-content\\\/uploads\\\/2026\\\/01\\\/Highlight-menus-mensuals.jpg\",\"width\":1080,\"height\":720},{\"@type\":\"BreadcrumbList\",\"@id\":\"https:\\\/\\\/adc.cat\\\/es\\\/home-c-es\\\/menus-saludables-para-personas-con-diabetes\\\/#breadcrumb\",\"itemListElement\":[{\"@type\":\"ListItem\",\"position\":1,\"name\":\"Portada\",\"item\":\"https:\\\/\\\/adc.cat\\\/es\\\/\"},{\"@type\":\"ListItem\",\"position\":2,\"name\":\"\u00a1Men\u00fas saludables para personas con diabetes!\"}]},{\"@type\":\"WebSite\",\"@id\":\"https:\\\/\\\/adc.cat\\\/es\\\/#website\",\"url\":\"https:\\\/\\\/adc.cat\\\/es\\\/\",\"name\":\"ADC \u2013 Associaci\u00f3 de Diabetis de Catalunya\",\"description\":\"L&#039;ADC representa els pacients amb diabetis de Catalunya. Els nostres objectius: informar, aconsellar, ajudar i defensar les persones amb diabetis i promoure la sensibilitzaci\u00f3 de la resta de la societat\",\"publisher\":{\"@id\":\"https:\\\/\\\/adc.cat\\\/es\\\/#organization\"},\"potentialAction\":[{\"@type\":\"SearchAction\",\"target\":{\"@type\":\"EntryPoint\",\"urlTemplate\":\"https:\\\/\\\/adc.cat\\\/es\\\/?s={search_term_string}\"},\"query-input\":{\"@type\":\"PropertyValueSpecification\",\"valueRequired\":true,\"valueName\":\"search_term_string\"}}],\"inLanguage\":\"es\"},{\"@type\":\"Organization\",\"@id\":\"https:\\\/\\\/adc.cat\\\/es\\\/#organization\",\"name\":\"Associaci\u00f3 de Diabetis de Catalunya\",\"url\":\"https:\\\/\\\/adc.cat\\\/es\\\/\",\"logo\":{\"@type\":\"ImageObject\",\"inLanguage\":\"es\",\"@id\":\"https:\\\/\\\/adc.cat\\\/es\\\/#\\\/schema\\\/logo\\\/image\\\/\",\"url\":\"https:\\\/\\\/adc.cat\\\/wp-content\\\/uploads\\\/2022\\\/01\\\/associacio_de_diabetis_catalunya.png\",\"contentUrl\":\"https:\\\/\\\/adc.cat\\\/wp-content\\\/uploads\\\/2022\\\/01\\\/associacio_de_diabetis_catalunya.png\",\"width\":512,\"height\":239,\"caption\":\"Associaci\u00f3 de Diabetis de Catalunya\"},\"image\":{\"@id\":\"https:\\\/\\\/adc.cat\\\/es\\\/#\\\/schema\\\/logo\\\/image\\\/\"},\"sameAs\":[\"https:\\\/\\\/www.facebook.com\\\/ADC.CAT\\\/\",\"https:\\\/\\\/x.com\\\/ADC_CAT\",\"https:\\\/\\\/www.instagram.com\\\/adc_cat\\\/\",\"https:\\\/\\\/www.linkedin.com\\\/company\\\/associacio-de-diabetis-de-catalunya\",\"https:\\\/\\\/www.youtube.com\\\/channel\\\/UC7BiJMxG_5sHYUhMAlevAWA\"]},{\"@type\":\"Person\",\"@id\":\"https:\\\/\\\/adc.cat\\\/es\\\/#\\\/schema\\\/person\\\/c3095eda6e9c2068ff66a789795e0685\",\"name\":\"Sandra\",\"image\":{\"@type\":\"ImageObject\",\"inLanguage\":\"es\",\"@id\":\"https:\\\/\\\/secure.gravatar.com\\\/avatar\\\/0a992a44e4e0c2d0d7cb96813afd74f2b3b4ba44b154a672987b5285d79bb9c0?s=96&d=mm&r=g\",\"url\":\"https:\\\/\\\/secure.gravatar.com\\\/avatar\\\/0a992a44e4e0c2d0d7cb96813afd74f2b3b4ba44b154a672987b5285d79bb9c0?s=96&d=mm&r=g\",\"contentUrl\":\"https:\\\/\\\/secure.gravatar.com\\\/avatar\\\/0a992a44e4e0c2d0d7cb96813afd74f2b3b4ba44b154a672987b5285d79bb9c0?s=96&d=mm&r=g\",\"caption\":\"Sandra\"}}]}<\/script>\n<!-- \/ Yoast SEO plugin. -->","yoast_head_json":{"title":"\u00a1Men\u00fas saludables para personas con diabetes! - ADC \u2013 Associaci\u00f3 de Diabetis de Catalunya","robots":{"index":"index","follow":"follow","max-snippet":"max-snippet:-1","max-image-preview":"max-image-preview:large","max-video-preview":"max-video-preview:-1"},"canonical":"https:\/\/adc.cat\/es\/home-c-es\/menus-saludables-para-personas-con-diabetes\/","og_locale":"es_ES","og_type":"article","og_title":"\u00a1Men\u00fas saludables para personas con diabetes! - ADC \u2013 Associaci\u00f3 de Diabetis de Catalunya","og_description":"\u00a1Descarga y descubre los men\u00fas saludables de la ADC! Elaborados por una nutricionista-dietista experta en diabetes para adaptarse a las necesidades de las personas con la enfermedad.","og_url":"https:\/\/adc.cat\/es\/home-c-es\/menus-saludables-para-personas-con-diabetes\/","og_site_name":"ADC \u2013 Associaci\u00f3 de Diabetis de Catalunya","article_publisher":"https:\/\/www.facebook.com\/ADC.CAT\/","article_published_time":"2026-01-15T12:13:16+00:00","article_modified_time":"2026-04-16T13:42:33+00:00","og_image":[{"width":1080,"height":720,"url":"https:\/\/adc.cat\/wp-content\/uploads\/2026\/01\/Highlight-menus-mensuals.jpg","type":"image\/jpeg"}],"author":"Sandra","twitter_card":"summary_large_image","twitter_creator":"@ADC_CAT","twitter_site":"@ADC_CAT","twitter_misc":{"Escrito por":"Sandra","Tiempo de lectura":"7 minutos"},"schema":{"@context":"https:\/\/schema.org","@graph":[{"@type":"Article","@id":"https:\/\/adc.cat\/es\/home-c-es\/menus-saludables-para-personas-con-diabetes\/#article","isPartOf":{"@id":"https:\/\/adc.cat\/es\/home-c-es\/menus-saludables-para-personas-con-diabetes\/"},"author":{"name":"Sandra","@id":"https:\/\/adc.cat\/es\/#\/schema\/person\/c3095eda6e9c2068ff66a789795e0685"},"headline":"\u00a1Men\u00fas saludables para personas con diabetes!","datePublished":"2026-01-15T12:13:16+00:00","dateModified":"2026-04-16T13:42:33+00:00","mainEntityOfPage":{"@id":"https:\/\/adc.cat\/es\/home-c-es\/menus-saludables-para-personas-con-diabetes\/"},"wordCount":1427,"publisher":{"@id":"https:\/\/adc.cat\/es\/#organization"},"image":{"@id":"https:\/\/adc.cat\/es\/home-c-es\/menus-saludables-para-personas-con-diabetes\/#primaryimage"},"thumbnailUrl":"https:\/\/adc.cat\/wp-content\/uploads\/2026\/01\/Highlight-menus-mensuals.jpg","articleSection":["Home C"],"inLanguage":"es"},{"@type":"WebPage","@id":"https:\/\/adc.cat\/es\/home-c-es\/menus-saludables-para-personas-con-diabetes\/","url":"https:\/\/adc.cat\/es\/home-c-es\/menus-saludables-para-personas-con-diabetes\/","name":"\u00a1Men\u00fas saludables para personas con diabetes! - ADC \u2013 Associaci\u00f3 de Diabetis de Catalunya","isPartOf":{"@id":"https:\/\/adc.cat\/es\/#website"},"primaryImageOfPage":{"@id":"https:\/\/adc.cat\/es\/home-c-es\/menus-saludables-para-personas-con-diabetes\/#primaryimage"},"image":{"@id":"https:\/\/adc.cat\/es\/home-c-es\/menus-saludables-para-personas-con-diabetes\/#primaryimage"},"thumbnailUrl":"https:\/\/adc.cat\/wp-content\/uploads\/2026\/01\/Highlight-menus-mensuals.jpg","datePublished":"2026-01-15T12:13:16+00:00","dateModified":"2026-04-16T13:42:33+00:00","breadcrumb":{"@id":"https:\/\/adc.cat\/es\/home-c-es\/menus-saludables-para-personas-con-diabetes\/#breadcrumb"},"inLanguage":"es","potentialAction":[{"@type":"ReadAction","target":["https:\/\/adc.cat\/es\/home-c-es\/menus-saludables-para-personas-con-diabetes\/"]}]},{"@type":"ImageObject","inLanguage":"es","@id":"https:\/\/adc.cat\/es\/home-c-es\/menus-saludables-para-personas-con-diabetes\/#primaryimage","url":"https:\/\/adc.cat\/wp-content\/uploads\/2026\/01\/Highlight-menus-mensuals.jpg","contentUrl":"https:\/\/adc.cat\/wp-content\/uploads\/2026\/01\/Highlight-menus-mensuals.jpg","width":1080,"height":720},{"@type":"BreadcrumbList","@id":"https:\/\/adc.cat\/es\/home-c-es\/menus-saludables-para-personas-con-diabetes\/#breadcrumb","itemListElement":[{"@type":"ListItem","position":1,"name":"Portada","item":"https:\/\/adc.cat\/es\/"},{"@type":"ListItem","position":2,"name":"\u00a1Men\u00fas saludables para personas con diabetes!"}]},{"@type":"WebSite","@id":"https:\/\/adc.cat\/es\/#website","url":"https:\/\/adc.cat\/es\/","name":"ADC \u2013 Associaci\u00f3 de Diabetis de Catalunya","description":"L&#039;ADC representa els pacients amb diabetis de Catalunya. Els nostres objectius: informar, aconsellar, ajudar i defensar les persones amb diabetis i promoure la sensibilitzaci\u00f3 de la resta de la societat","publisher":{"@id":"https:\/\/adc.cat\/es\/#organization"},"potentialAction":[{"@type":"SearchAction","target":{"@type":"EntryPoint","urlTemplate":"https:\/\/adc.cat\/es\/?s={search_term_string}"},"query-input":{"@type":"PropertyValueSpecification","valueRequired":true,"valueName":"search_term_string"}}],"inLanguage":"es"},{"@type":"Organization","@id":"https:\/\/adc.cat\/es\/#organization","name":"Associaci\u00f3 de Diabetis de Catalunya","url":"https:\/\/adc.cat\/es\/","logo":{"@type":"ImageObject","inLanguage":"es","@id":"https:\/\/adc.cat\/es\/#\/schema\/logo\/image\/","url":"https:\/\/adc.cat\/wp-content\/uploads\/2022\/01\/associacio_de_diabetis_catalunya.png","contentUrl":"https:\/\/adc.cat\/wp-content\/uploads\/2022\/01\/associacio_de_diabetis_catalunya.png","width":512,"height":239,"caption":"Associaci\u00f3 de Diabetis de Catalunya"},"image":{"@id":"https:\/\/adc.cat\/es\/#\/schema\/logo\/image\/"},"sameAs":["https:\/\/www.facebook.com\/ADC.CAT\/","https:\/\/x.com\/ADC_CAT","https:\/\/www.instagram.com\/adc_cat\/","https:\/\/www.linkedin.com\/company\/associacio-de-diabetis-de-catalunya","https:\/\/www.youtube.com\/channel\/UC7BiJMxG_5sHYUhMAlevAWA"]},{"@type":"Person","@id":"https:\/\/adc.cat\/es\/#\/schema\/person\/c3095eda6e9c2068ff66a789795e0685","name":"Sandra","image":{"@type":"ImageObject","inLanguage":"es","@id":"https:\/\/secure.gravatar.com\/avatar\/0a992a44e4e0c2d0d7cb96813afd74f2b3b4ba44b154a672987b5285d79bb9c0?s=96&d=mm&r=g","url":"https:\/\/secure.gravatar.com\/avatar\/0a992a44e4e0c2d0d7cb96813afd74f2b3b4ba44b154a672987b5285d79bb9c0?s=96&d=mm&r=g","contentUrl":"https:\/\/secure.gravatar.com\/avatar\/0a992a44e4e0c2d0d7cb96813afd74f2b3b4ba44b154a672987b5285d79bb9c0?s=96&d=mm&r=g","caption":"Sandra"}}]}},"_links":{"self":[{"href":"https:\/\/adc.cat\/es\/wp-json\/wp\/v2\/posts\/52699","targetHints":{"allow":["GET"]}}],"collection":[{"href":"https:\/\/adc.cat\/es\/wp-json\/wp\/v2\/posts"}],"about":[{"href":"https:\/\/adc.cat\/es\/wp-json\/wp\/v2\/types\/post"}],"author":[{"embeddable":true,"href":"https:\/\/adc.cat\/es\/wp-json\/wp\/v2\/users\/2"}],"replies":[{"embeddable":true,"href":"https:\/\/adc.cat\/es\/wp-json\/wp\/v2\/comments?post=52699"}],"version-history":[{"count":6,"href":"https:\/\/adc.cat\/es\/wp-json\/wp\/v2\/posts\/52699\/revisions"}],"predecessor-version":[{"id":53320,"href":"https:\/\/adc.cat\/es\/wp-json\/wp\/v2\/posts\/52699\/revisions\/53320"}],"wp:featuredmedia":[{"embeddable":true,"href":"https:\/\/adc.cat\/es\/wp-json\/wp\/v2\/media\/52700"}],"wp:attachment":[{"href":"https:\/\/adc.cat\/es\/wp-json\/wp\/v2\/media?parent=52699"}],"wp:term":[{"taxonomy":"category","embeddable":true,"href":"https:\/\/adc.cat\/es\/wp-json\/wp\/v2\/categories?post=52699"},{"taxonomy":"post_tag","embeddable":true,"href":"https:\/\/adc.cat\/es\/wp-json\/wp\/v2\/tags?post=52699"}],"curies":[{"name":"wp","href":"https:\/\/api.w.org\/{rel}","templated":true}]}}